{"id":30425,"date":"2021-11-09T07:27:34","date_gmt":"2021-11-09T10:27:34","guid":{"rendered":"https:\/\/maricatotal.com.br\/site\/?p=30425"},"modified":"2021-11-09T07:27:35","modified_gmt":"2021-11-09T10:27:35","slug":"marica-sanemar-inicia-programa-social-pioneiro-nas-comunidades-da-cidade","status":"publish","type":"post","link":"https:\/\/maricatotal.com.br\/site\/2021\/11\/09\/marica-sanemar-inicia-programa-social-pioneiro-nas-comunidades-da-cidade\/","title":{"rendered":"Maric\u00e1: Sanemar inicia programa social pioneiro nas comunidades da cidade"},"content":{"rendered":"\n<p>A Companhia de Saneamento de Maric\u00e1 (Sanemar) realizou a\u00e7\u00f5es itinerantes do Programa Sanear Comunidades, no bairro do Spar, no 3\u00ba distrito do munic\u00edpio, e na comunidade da Esta\u00e7\u00e3o, no 2\u00ba Distrito para apresentar o plano de obras nesses locais, ap\u00f3s o in\u00edcio da implementa\u00e7\u00e3o dos programas Sane+\u00c1gua e o Sane+Esgoto.<\/p>\n\n\n\n<p>Durante o A\u00e7\u00e3o Sanear Comunidades, a equipe da Sanemar informou aos moradores o calend\u00e1rio de interven\u00e7\u00f5es. A presidente da Sanemar, Rita Rocha, falou da import\u00e2ncia desse aviso com anteced\u00eancia.<\/p>\n\n\n\n<p>\u201cAs ruas e os acessos \u00e0s resid\u00eancias sofrer\u00e3o altera\u00e7\u00f5es. Haver\u00e1 m\u00e1quinas, funcion\u00e1rios circulando pelos acessos \u00e0s casas, e precisamos da compreens\u00e3o e colabora\u00e7\u00e3o dos moradores para que as obras possam caminhar com tranquilidade. Por isso \u00e9 t\u00e3o importante esse momento de di\u00e1logo com a popula\u00e7\u00e3o local,\u201d afirmou Rita.<\/p>\n\n\n\n<p>O atendimento se inicia ainda em 2021, de forma pioneira nos dois distritos cujas obras come\u00e7am na pr\u00f3xima semana. Rita Rocha fez quest\u00e3o de enfatizar que o programa \u00e9 emergencial nas \u00e1reas onde n\u00e3o existe a cobertura de \u00e1gua e tampouco rede de esgoto para garantir a dignidade das pessoas que est\u00e3o em situa\u00e7\u00e3o de vulnerabilidade em saneamento.<\/p>\n\n\n\n<p>\u201cSabemos que obras no setor de saneamento s\u00e3o de m\u00e9dio a longo prazo e que n\u00e3o ser\u00e1 poss\u00edvel realiz\u00e1-las ao mesmo tempo em todo o munic\u00edpio. Nossos projetos est\u00e3o saindo do papel e contamos agora com a \u00c1guas do Rio, que ganhou o leil\u00e3o da Cedae para realizar o abastecimento de \u00e1gua e ampliar a rede, al\u00e9m da nossa parceria com a Somar que nos acompanha nas obras de infraestrutura. Essa \u00e9 uma forma de atender de forma mais r\u00e1pida a popula\u00e7\u00e3o mais vulner\u00e1vel que mais sofre a aus\u00eancia de infraestrutura urbana\u201d, explicou Rita.<\/p>\n\n\n\n<p>Para a dona de casa Francisca Michele Paiva de Medeiros, 25 anos, que tem 4 filhos, o programa Sanear Maric\u00e1 vai acabar com o sofrimento dos moradores.<\/p>\n\n\n\n<p>\u201cTenho uma caixa de apenas 500 litros. Com quatro crian\u00e7as pequenas em casa, tenho que tomar banho na casa da minha m\u00e3e porque 500 litros s\u00e3o insuficientes. S\u00f3 l\u00e1 s\u00e3o 15 pessoas\u201d, disse ela, satisfeita com o in\u00edcio anunciado das obras.<\/p>\n\n\n\n<p>Somente no Spar, a equipe de t\u00e9cnicos, engenheiros e outros profissionais da Sanemar j\u00e1 identificou 14 fam\u00edlias na mesma situa\u00e7\u00e3o. J\u00e1 na comunidade da Esta\u00e7\u00e3o s\u00e3o cerca de 70 fam\u00edlias. Nesse local, o maior desafio das equipes ser\u00e1 fazer as obras de infraestrutura nas vielas estreitas da comunidade. A vantagem \u00e9 que bem pr\u00f3ximo dali est\u00e1 a Esta\u00e7\u00e3o de Tratamento de \u00c1gua (ETA) do Bananal, o que ir\u00e1 facilitar as liga\u00e7\u00f5es.<\/p>\n\n\n\n<p>O Programa Sanear Maric\u00e1 ser\u00e1 lan\u00e7ado oficialmente nos pr\u00f3ximos dias no Semin\u00e1rio promovido pela Sanemar em celebra\u00e7\u00e3o ao dia Mundial do Saneamento, momento em que ser\u00e1 divulgado o conjunto de projetos e a\u00e7\u00f5es de infraestrutura urbana relativos ao saneamento b\u00e1sico, em especial \u00e0 \u00e1gua e esgotamento sanit\u00e1rio, com o objetivo de melhorar a qualidade de vida da popula\u00e7\u00e3o de Maric\u00e1.<\/p>\n","protected":false},"excerpt":{"rendered":"<p>A Companhia de Saneamento de Maric\u00e1 (Sanemar) realizou a\u00e7\u00f5es itinerantes do Programa Sanear Comunidades, no bairro do Spar, no 3\u00ba<\/p>\n","protected":false},"author":1,"featured_media":30426,"comment_status":"open","ping_status":"open","sticky":false,"template":"","format":"standard","meta":{"colormag_page_container_layout":"default_layout","colormag_page_sidebar_layout":"default_layout","footnotes":""},"categories":[1],"tags":[],"class_list":["post-30425","post","type-post","status-publish","format-standard","has-post-thumbnail","hentry","category-noticias"],"amp_enabled":true,"_links":{"self":[{"href":"https:\/\/maricatotal.com.br\/site\/wp-json\/wp\/v2\/posts\/30425","targetHints":{"allow":["GET"]}}],"collection":[{"href":"https:\/\/maricatotal.com.br\/site\/wp-json\/wp\/v2\/posts"}],"about":[{"href":"https:\/\/maricatotal.com.br\/site\/wp-json\/wp\/v2\/types\/post"}],"author":[{"embeddable":true,"href":"https:\/\/maricatotal.com.br\/site\/wp-json\/wp\/v2\/users\/1"}],"replies":[{"embeddable":true,"href":"https:\/\/maricatotal.com.br\/site\/wp-json\/wp\/v2\/comments?post=30425"}],"version-history":[{"count":1,"href":"https:\/\/maricatotal.com.br\/site\/wp-json\/wp\/v2\/posts\/30425\/revisions"}],"predecessor-version":[{"id":30427,"href":"https:\/\/maricatotal.com.br\/site\/wp-json\/wp\/v2\/posts\/30425\/revisions\/30427"}],"wp:featuredmedia":[{"embeddable":true,"href":"https:\/\/maricatotal.com.br\/site\/wp-json\/wp\/v2\/media\/30426"}],"wp:attachment":[{"href":"https:\/\/maricatotal.com.br\/site\/wp-json\/wp\/v2\/media?parent=30425"}],"wp:term":[{"taxonomy":"category","embeddable":true,"href":"https:\/\/maricatotal.com.br\/site\/wp-json\/wp\/v2\/categories?post=30425"},{"taxonomy":"post_tag","embeddable":true,"href":"https:\/\/maricatotal.com.br\/site\/wp-json\/wp\/v2\/tags?post=30425"}],"curies":[{"name":"wp","href":"https:\/\/api.w.org\/{rel}","templated":true}]}}