{"id":30428,"date":"2021-11-09T09:21:55","date_gmt":"2021-11-09T12:21:55","guid":{"rendered":"https:\/\/maricatotal.com.br\/site\/?p=30428"},"modified":"2021-11-09T09:21:57","modified_gmt":"2021-11-09T12:21:57","slug":"maraey-experience-mall-sera-o-novo-complexo-de-shopping-trabalho-e-lazer-em-marica","status":"publish","type":"post","link":"https:\/\/maricatotal.com.br\/site\/2021\/11\/09\/maraey-experience-mall-sera-o-novo-complexo-de-shopping-trabalho-e-lazer-em-marica\/","title":{"rendered":"MARAEY EXPERIENCE MALL ser\u00e1 o novo complexo de shopping, trabalho e lazer em Maric\u00e1"},"content":{"rendered":"\n<p>Os executivos de MARAEY divulgaram hoje (8), o projeto do MARAEY EXPERIENCE MALL, um complexo de uso misto, que ser\u00e1 constru\u00eddo dentro do empreendimento tur\u00edstico-residencial sustent\u00e1vel. O espa\u00e7o ter\u00e1, al\u00e9m de um moderno shopping, resid\u00eancias, espa\u00e7os dedicados a atividades esportivas, culturais, uma pra\u00e7a para uso comum ao ar livre e um centro empresarial, com salas e escrit\u00f3rios, tudo em um ambiente natural integrado \u00e0 natureza, em frente \u00e0 Lagoa de Maric\u00e1.&nbsp;<\/p>\n\n\n\n<p>&#8220;Desenvolvemos esse projeto para ser um centro de conviv\u00eancia e experi\u00eancias, onde o p\u00fablico poder\u00e1 encontrar, al\u00e9m de um sofisticado espa\u00e7o comercial, diferentes \u00e1reas de lazer, para adultos e crian\u00e7as, incluindo at\u00e9 uma piscina de ondas. O espa\u00e7o tamb\u00e9m ter\u00e1 o conceito de mercados que oferecem \u00e1rea de alimenta\u00e7\u00e3o, restaurantes, cinemas multiplex, entre outros. Associada a toda essa estrutura, oferecemos moradias de alto padr\u00e3o&#8221;, adianta Emilio Izquierdo, CEO de MARAEY.&nbsp;<\/p>\n\n\n\n<p>O centro de neg\u00f3cios, que ser\u00e1 interligado ao shopping, ser\u00e1 um espa\u00e7o completo e vers\u00e1til, preparado para o desenvolvimento de qualquer atividade empresarial e de neg\u00f3cios. O empreendimento prev\u00ea atender n\u00e3o s\u00f3 empresas, mas tamb\u00e9m profissionais liberais, consult\u00f3rios m\u00e9dicos e coworking. O centro contar\u00e1 ainda com espa\u00e7os para a realiza\u00e7\u00e3o de eventos corporativos e sociais.&nbsp;<\/p>\n\n\n\n<p>Complexo residencial com 177 novas moradias&nbsp;<\/p>\n\n\n\n<p>O complexo residencial ser\u00e1 um espa\u00e7o sofisticado, em condom\u00ednio fechado, com seguran\u00e7a 24 horas, composto por 177 novas moradias, com vista para a Lagoa e amplos espa\u00e7os exteriores exclusivos, como jardins e zonas de lazer. Os apartamentos ser\u00e3o compostos por 2, 3 ou 4 quartos, entre 102 e 190 m\u00b2.&nbsp;<\/p>\n\n\n\n<p>&#8220;O projeto de resid\u00eancias de marca exclusiva se destaca por seus servi\u00e7os de excel\u00eancia. Os apartamentos possuem v\u00e1rias vagas de garagem no pr\u00f3prio condom\u00ednio, que incluem instala\u00e7\u00f5es para ve\u00edculos el\u00e9tricos, estacionamento para bicicletas e amplas \u00e1reas comuns cuidadosamente projetadas para o aproveitamento de espa\u00e7os ao ar livre com vista para a Lagoa e Serra de Maric\u00e1&#8221;, completa Emilio.&nbsp;<\/p>\n\n\n\n<p>O complexo ter\u00e1 mais de 7.600 m\u00b2 de \u00e1rea de lazer, com \u00e1reas verdes, piscina externa e coberta, academia, SPA, sal\u00e3o de jogos, sal\u00e3o de festas, espa\u00e7o gourmet, churrasqueira, \u00e1rea infantil e um espa\u00e7o dedicado para coworking.&nbsp;<\/p>\n\n\n\n<p>&#8220;\u00c9 importante destacar que, como tudo em MARAEY, as moradias foram pensadas conforme os mais elevados valores de sustentabilidade e qualidade. O projeto incorpora os mais exigentes padr\u00f5es de arquitetura passiva e bioclim\u00e1tica, neuroarquitetura e desenho ambiental; e tamb\u00e9m aplicaremos sistemas de efici\u00eancia energ\u00e9tica e mat\u00e9rias de alta qualidade e baixo impacto, o que permitir\u00e1 a obten\u00e7\u00e3o de certifica\u00e7\u00f5es ambientais internacionais que reconhecem a qualidade dos espa\u00e7os e a cria\u00e7\u00e3o de moradias mais saud\u00e1veis e seguras&#8221;, conclui o executivo.&nbsp;<\/p>\n","protected":false},"excerpt":{"rendered":"<p>Os executivos de MARAEY divulgaram hoje (8), o projeto do MARAEY EXPERIENCE MALL, um complexo de uso misto, que ser\u00e1<\/p>\n","protected":false},"author":1,"featured_media":30429,"comment_status":"open","ping_status":"open","sticky":false,"template":"","format":"standard","meta":{"colormag_page_container_layout":"default_layout","colormag_page_sidebar_layout":"default_layout","footnotes":""},"categories":[18],"tags":[],"class_list":["post-30428","post","type-post","status-publish","format-standard","has-post-thumbnail","hentry","category-entretenimento"],"amp_enabled":true,"_links":{"self":[{"href":"https:\/\/maricatotal.com.br\/site\/wp-json\/wp\/v2\/posts\/30428","targetHints":{"allow":["GET"]}}],"collection":[{"href":"https:\/\/maricatotal.com.br\/site\/wp-json\/wp\/v2\/posts"}],"about":[{"href":"https:\/\/maricatotal.com.br\/site\/wp-json\/wp\/v2\/types\/post"}],"author":[{"embeddable":true,"href":"https:\/\/maricatotal.com.br\/site\/wp-json\/wp\/v2\/users\/1"}],"replies":[{"embeddable":true,"href":"https:\/\/maricatotal.com.br\/site\/wp-json\/wp\/v2\/comments?post=30428"}],"version-history":[{"count":1,"href":"https:\/\/maricatotal.com.br\/site\/wp-json\/wp\/v2\/posts\/30428\/revisions"}],"predecessor-version":[{"id":30430,"href":"https:\/\/maricatotal.com.br\/site\/wp-json\/wp\/v2\/posts\/30428\/revisions\/30430"}],"wp:featuredmedia":[{"embeddable":true,"href":"https:\/\/maricatotal.com.br\/site\/wp-json\/wp\/v2\/media\/30429"}],"wp:attachment":[{"href":"https:\/\/maricatotal.com.br\/site\/wp-json\/wp\/v2\/media?parent=30428"}],"wp:term":[{"taxonomy":"category","embeddable":true,"href":"https:\/\/maricatotal.com.br\/site\/wp-json\/wp\/v2\/categories?post=30428"},{"taxonomy":"post_tag","embeddable":true,"href":"https:\/\/maricatotal.com.br\/site\/wp-json\/wp\/v2\/tags?post=30428"}],"curies":[{"name":"wp","href":"https:\/\/api.w.org\/{rel}","templated":true}]}}