{"id":30540,"date":"2021-11-12T06:50:57","date_gmt":"2021-11-12T09:50:57","guid":{"rendered":"https:\/\/maricatotal.com.br\/site\/?p=30540"},"modified":"2021-11-12T06:50:58","modified_gmt":"2021-11-12T09:50:58","slug":"programa-maricaverde-acontece-no-bairro-marques","status":"publish","type":"post","link":"https:\/\/maricatotal.com.br\/site\/2021\/11\/12\/programa-maricaverde-acontece-no-bairro-marques\/","title":{"rendered":"Programa Maric\u00e1+Verde acontece no bairro Marqu\u00eas"},"content":{"rendered":"\n<p>O bairro Marqu\u00eas recebeu na manh\u00e3 desta quinta-feira (11\/11) mais uma edi\u00e7\u00e3o do projeto \u201cMarica Mais Verde\u201d, desenvolvido pela Prefeitura por meio da Secretaria de Cidade Sustent\u00e1vel. Cerca de 100 esp\u00e9cies de plantas nativas da Mata Atl\u00e2ntica, entre elas ip\u00ea rosa, amarelo, goiabeira, ameixa, palmeira areca, palmeira de garrafa, ac\u00e1cia e aroeira foram entregues gratuitamente \u00e0 popula\u00e7\u00e3o.<\/p>\n\n\n\n<p>Al\u00e9m de distribuir as mudas, t\u00e9cnicos da secretaria deram dicas para popula\u00e7\u00e3o sobre o plantio e cuidados com as plantas.<\/p>\n\n\n\n<p>Carlos Roberto Castro, morador do Condado, aproveitou a oportunidade para conhecer o programa e adotar algumas mudas.<\/p>\n\n\n\n<p>\u201cEu estava passando e resolvi perguntar como faria para comprar as mudas, a\u00ed me informaram que \u00e9 gratuito, fiquei ainda mais satisfeito com a iniciativa\u201d, afirmou o morador que levou para casa mudas de ip\u00ea rosa e aroeira.<\/p>\n\n\n\n<p>\u201cEu estava esperando chegar aqui no bairro com o programa, hoje estou muito feliz que consegui pegar duas mudas, de goiaba e de ameixa\u201d, afirmou&nbsp; Karina Melo, que mora no Marqu\u00eas.<\/p>\n\n\n\n<p>A pr\u00f3xima parada do \u201cMaric\u00e1 Mais Verde\u201d ser\u00e1 na quinta-feira&nbsp; (18\/11), no bairro Marine (pr\u00f3ximo ao supermarket), a partir das 09h30.<\/p>\n","protected":false},"excerpt":{"rendered":"<p>O bairro Marqu\u00eas recebeu na manh\u00e3 desta quinta-feira (11\/11) mais uma edi\u00e7\u00e3o do projeto \u201cMarica Mais Verde\u201d, desenvolvido pela Prefeitura<\/p>\n","protected":false},"author":1,"featured_media":30541,"comment_status":"open","ping_status":"open","sticky":false,"template":"","format":"standard","meta":{"colormag_page_container_layout":"default_layout","colormag_page_sidebar_layout":"default_layout","footnotes":""},"categories":[14,18],"tags":[],"class_list":["post-30540","post","type-post","status-publish","format-standard","has-post-thumbnail","hentry","category-bairros","category-entretenimento"],"amp_enabled":true,"_links":{"self":[{"href":"https:\/\/maricatotal.com.br\/site\/wp-json\/wp\/v2\/posts\/30540","targetHints":{"allow":["GET"]}}],"collection":[{"href":"https:\/\/maricatotal.com.br\/site\/wp-json\/wp\/v2\/posts"}],"about":[{"href":"https:\/\/maricatotal.com.br\/site\/wp-json\/wp\/v2\/types\/post"}],"author":[{"embeddable":true,"href":"https:\/\/maricatotal.com.br\/site\/wp-json\/wp\/v2\/users\/1"}],"replies":[{"embeddable":true,"href":"https:\/\/maricatotal.com.br\/site\/wp-json\/wp\/v2\/comments?post=30540"}],"version-history":[{"count":1,"href":"https:\/\/maricatotal.com.br\/site\/wp-json\/wp\/v2\/posts\/30540\/revisions"}],"predecessor-version":[{"id":30542,"href":"https:\/\/maricatotal.com.br\/site\/wp-json\/wp\/v2\/posts\/30540\/revisions\/30542"}],"wp:featuredmedia":[{"embeddable":true,"href":"https:\/\/maricatotal.com.br\/site\/wp-json\/wp\/v2\/media\/30541"}],"wp:attachment":[{"href":"https:\/\/maricatotal.com.br\/site\/wp-json\/wp\/v2\/media?parent=30540"}],"wp:term":[{"taxonomy":"category","embeddable":true,"href":"https:\/\/maricatotal.com.br\/site\/wp-json\/wp\/v2\/categories?post=30540"},{"taxonomy":"post_tag","embeddable":true,"href":"https:\/\/maricatotal.com.br\/site\/wp-json\/wp\/v2\/tags?post=30540"}],"curies":[{"name":"wp","href":"https:\/\/api.w.org\/{rel}","templated":true}]}}