{"id":30620,"date":"2021-11-17T07:04:57","date_gmt":"2021-11-17T10:04:57","guid":{"rendered":"https:\/\/maricatotal.com.br\/site\/?p=30620"},"modified":"2021-11-17T07:04:58","modified_gmt":"2021-11-17T10:04:58","slug":"covid-19-marica-aplica-dose-de-reforco-da-vacina-em-maiores-de-18-anos","status":"publish","type":"post","link":"https:\/\/maricatotal.com.br\/site\/2021\/11\/17\/covid-19-marica-aplica-dose-de-reforco-da-vacina-em-maiores-de-18-anos\/","title":{"rendered":"Covid-19: Maric\u00e1 aplica dose de refor\u00e7o da vacina em maiores de 18 anos"},"content":{"rendered":"\n<p>A Prefeitura de Maric\u00e1 inicia nesta quarta-feira (17\/11) a aplica\u00e7\u00e3o da dose de refor\u00e7o da vacina contra a Covid-19 nas pessoas de 18 anos ou mais que tenham tomado, no m\u00ednimo, cinco meses a segunda dose ou a dose \u00fanica. A dose de refor\u00e7o vai estar dispon\u00edvel em todos os polos distritais de vacina\u00e7\u00e3o e no polo itinerante, de segunda a sexta-feira, das 9h \u00e0s 17h.<\/p>\n\n\n\n<p>Para receber o refor\u00e7o, \u00e9 necess\u00e1rio apresentar um documento de identidade com foto, CPF, al\u00e9m dos comprovantes de vacina\u00e7\u00e3o e resid\u00eancia, em um dos polos do munic\u00edpio (USF Central; USF Jardim Atl\u00e2ntico; USF Ch\u00e1caras de Ino\u00e3 e USF Marinel\u00e2ndia). A dose tamb\u00e9m estar\u00e1 dispon\u00edvel no polo itinerante que permanece at\u00e9 sexta-feira (19) na Pra\u00e7a do Turismo, no Centro.<\/p>\n\n\n\n<p>A secret\u00e1ria municipal de sa\u00fade, Solange Oliveira, afirmou que a iniciativa \u00e9 importante para garantir um n\u00edvel elevado de prote\u00e7\u00e3o contra o v\u00edrus.<\/p>\n\n\n\n<p>\u201cJ\u00e1 estamos com um n\u00famero grande de pessoas com as duas doses ou a dose \u00fanica e muitas delas j\u00e1 atingiram cinco meses ou mais da aplica\u00e7\u00e3o. Por isso, a iniciativa de ampliar a faixa et\u00e1ria para o refor\u00e7o \u00e9 fundamental para manter o n\u00edvel de prote\u00e7\u00e3o da popula\u00e7\u00e3o e avan\u00e7ar ainda mais na melhora do cen\u00e1rio da pandemia\u201d, destacou a secret\u00e1ria, convocando a popula\u00e7\u00e3o se vacinar.<\/p>\n\n\n\n<p>\u201cCaso j\u00e1 esteja no intervalo, procure um local de vacina\u00e7\u00e3o e tome o refor\u00e7o. Se ainda n\u00e3o tomou a segunda dose, fique atento ao seu comprovante de vacina\u00e7\u00e3o e n\u00e3o deixe de se proteger. Estamos vencendo essa batalha, mas dependemos do maior n\u00famero de pessoas com o esquema vacinal completo\u201d, concluiu.<\/p>\n\n\n\n<p><strong>Vacina\u00e7\u00e3o avan\u00e7a<\/strong><\/p>\n\n\n\n<p>Maric\u00e1 j\u00e1 tem 76,4% da popula\u00e7\u00e3o vacinada \u2013 108.545 mil pessoas \u2013 com as duas doses ou a dose \u00fanica. Com a primeira dose s\u00e3o 126.291, ou seja, 89% da popula\u00e7\u00e3o. Al\u00e9m do refor\u00e7o, a cidade segue aplicando a segunda dose de todos os imunizantes nos polos de vacina\u00e7\u00e3o.<\/p>\n\n\n\n<p>O intervalo entre doses da Pfizer e Astrazeneca foi reduzido de 12 para oito semanas em todas as faixas et\u00e1rias. Quem recebeu a primeira dose em setembro, j\u00e1 pode receber a segunda em novembro. O munic\u00edpio tamb\u00e9m segue em repescagem permanente para todos acima de 12 anos que ainda n\u00e3o tomaram a primeira dose.<\/p>\n\n\n\n<p>Para isso, os adultos precisam apresentar um documento de identidade com foto, CPF e comprovante de resid\u00eancia. J\u00e1 os adolescentes devem levar documento de identidade ou certid\u00e3o de nascimento. Para a segunda dose \u00e9 necess\u00e1rio, tamb\u00e9m, o comprovante de vacina\u00e7\u00e3o.<\/p>\n\n\n\n<p><strong>Locais de vacina\u00e7\u00e3o da segunda dose, refor\u00e7o e repescagem:<\/strong><\/p>\n\n\n\n<p><strong>Polo Itinerante<\/strong>&nbsp;\u2013 de ter\u00e7a (16\/11) a sexta-feira (19\/11), das 9h \u00e0s 16h<\/p>\n\n\n\n<p>Pra\u00e7a Conselheiro Macedo Soares (Pra\u00e7a do Turismo), Centro.<\/p>\n\n\n\n<p><strong>Polos Distritais<\/strong>&nbsp;\u2013 de segunda a sexta-feira, das 9h \u00e0s 16h<\/p>\n\n\n\n<p>Unidade de Sa\u00fade da Fam\u00edlia (USF) Central- Rua Cl\u00edmaco Pereira, 241, Centro.<\/p>\n\n\n\n<p>USF Jardim Atl\u00e2ntico- USF Jardim Atl\u00e2ntico- Rua 36, lote 01, quadra 206. Loteamento Jardim Atl\u00e2ntico, Itaipua\u00e7u. (At\u00e9 o dia 19\/11 a vacina\u00e7\u00e3o ser\u00e1 feita na Escola Marques de Maric\u00e1, Rua Douglas Marques Rienti, 0 \u2013 Itaipua\u00e7u, Maric\u00e1 \u2013 RJ, devido a manuten\u00e7\u00e3o da unidade).<\/p>\n\n\n\n<p>USF Ch\u00e1caras de Ino\u00e3- Rodovia Amaral Peixoto, km 16. (ao lado do P\u00f3lo Mania), Ino\u00e3.<\/p>\n\n\n\n<p>USF Marinel\u00e2ndia- Rua Nove, Quadra 15, Cordeirinho.<\/p>\n","protected":false},"excerpt":{"rendered":"<p>A Prefeitura de Maric\u00e1 inicia nesta quarta-feira (17\/11) a aplica\u00e7\u00e3o da dose de refor\u00e7o da vacina contra a Covid-19 nas<\/p>\n","protected":false},"author":1,"featured_media":30538,"comment_status":"open","ping_status":"open","sticky":false,"template":"","format":"standard","meta":{"colormag_page_container_layout":"default_layout","colormag_page_sidebar_layout":"default_layout","footnotes":""},"categories":[14],"tags":[],"class_list":["post-30620","post","type-post","status-publish","format-standard","has-post-thumbnail","hentry","category-bairros"],"amp_enabled":true,"_links":{"self":[{"href":"https:\/\/maricatotal.com.br\/site\/wp-json\/wp\/v2\/posts\/30620","targetHints":{"allow":["GET"]}}],"collection":[{"href":"https:\/\/maricatotal.com.br\/site\/wp-json\/wp\/v2\/posts"}],"about":[{"href":"https:\/\/maricatotal.com.br\/site\/wp-json\/wp\/v2\/types\/post"}],"author":[{"embeddable":true,"href":"https:\/\/maricatotal.com.br\/site\/wp-json\/wp\/v2\/users\/1"}],"replies":[{"embeddable":true,"href":"https:\/\/maricatotal.com.br\/site\/wp-json\/wp\/v2\/comments?post=30620"}],"version-history":[{"count":1,"href":"https:\/\/maricatotal.com.br\/site\/wp-json\/wp\/v2\/posts\/30620\/revisions"}],"predecessor-version":[{"id":30621,"href":"https:\/\/maricatotal.com.br\/site\/wp-json\/wp\/v2\/posts\/30620\/revisions\/30621"}],"wp:featuredmedia":[{"embeddable":true,"href":"https:\/\/maricatotal.com.br\/site\/wp-json\/wp\/v2\/media\/30538"}],"wp:attachment":[{"href":"https:\/\/maricatotal.com.br\/site\/wp-json\/wp\/v2\/media?parent=30620"}],"wp:term":[{"taxonomy":"category","embeddable":true,"href":"https:\/\/maricatotal.com.br\/site\/wp-json\/wp\/v2\/categories?post=30620"},{"taxonomy":"post_tag","embeddable":true,"href":"https:\/\/maricatotal.com.br\/site\/wp-json\/wp\/v2\/tags?post=30620"}],"curies":[{"name":"wp","href":"https:\/\/api.w.org\/{rel}","templated":true}]}}