{"id":30634,"date":"2021-11-17T12:56:23","date_gmt":"2021-11-17T15:56:23","guid":{"rendered":"https:\/\/maricatotal.com.br\/site\/?p=30634"},"modified":"2021-11-17T12:56:25","modified_gmt":"2021-11-17T15:56:25","slug":"prefeitura-assina-termo-de-distribuicao-de-livros-em-braille-para-projetos-sociais","status":"publish","type":"post","link":"https:\/\/maricatotal.com.br\/site\/2021\/11\/17\/prefeitura-assina-termo-de-distribuicao-de-livros-em-braille-para-projetos-sociais\/","title":{"rendered":"Prefeitura assina termo de distribui\u00e7\u00e3o de livros em braille para projetos sociais"},"content":{"rendered":"\n<p>A Prefeitura de Maric\u00e1 assinou nesta sexta-feira (12\/11) o termo que visa \u00e0 distribui\u00e7\u00e3o de livros em braile para projetos sociais.&nbsp; A assinatura foi realizada por meio da Coordenadoria de Assuntos Religiosos com a Sociedade B\u00edblica do Brasil (SBB).<\/p>\n\n\n\n<p>A subsecret\u00e1ria de Assuntos Religiosos, Danieli Machado, destaca que a assinatura vai contribuir com um projeto que d\u00e1 visibilidade e fortalece o di\u00e1logo sobre inclus\u00e3o.<\/p>\n\n\n\n<p>\u201cTemos trabalhado em conjunto na abordagem e apoio a projetos que venham diminuir as necessidades dos nossos semelhantes com defici\u00eancia. A assinatura desse termo n\u00e3o s\u00f3 visa \u00e0 distribui\u00e7\u00e3o de livros em Braille, mas principalmente nos aponta a dire\u00e7\u00e3o para o aperfei\u00e7oamento das medidas para melhor atender e amparar esse p\u00fablico\u201d, comentou Danieli.<\/p>\n\n\n\n<p>O pastor e coordenador da Sociedade B\u00edblica do Brasil, Marcos Batista, mencionou a import\u00e2ncia das B\u00edblias entregues ao munic\u00edpio.<\/p>\n\n\n\n<p>\u201c\u00c9 uma grande vit\u00f3ria para os deficientes visuais de Maric\u00e1 o recebimento desse material na l\u00edngua em Braille\u201d,&nbsp;destacou o&nbsp;pastor.<\/p>\n\n\n\n<p><strong>Deficiente visual aprova a iniciativa<\/strong><\/p>\n\n\n\n<p>Adriana Costa, 41 anos, moradora do bairro Caju, aprovou a iniciativa. \u201c\u00c9 muito importante a valoriza\u00e7\u00e3o do braille em nosso munic\u00edpio. Amei receber a b\u00edblia por poder ler braile ao inv\u00e9s de ouvir o \u00e1udio\u201d, disse Adriana.<\/p>\n\n\n\n<p><strong>O que \u00e9 braille<\/strong><\/p>\n\n\n\n<p>Braile ou braille \u00e9 um sistema de escrita t\u00e1til utilizado por pessoas com defici\u00eancia visual ou com baixa vis\u00e3o. \u00c9 tradicionalmente uma escrita em papel relevo. Os usu\u00e1rios podem ler em telas de computadores e em outros suportes eletr\u00f4nicos gra\u00e7as a um mostrador em braile atualiz\u00e1veis.<\/p>\n","protected":false},"excerpt":{"rendered":"<p>A Prefeitura de Maric\u00e1 assinou nesta sexta-feira (12\/11) o termo que visa \u00e0 distribui\u00e7\u00e3o de livros em braile para projetos<\/p>\n","protected":false},"author":1,"featured_media":30635,"comment_status":"open","ping_status":"open","sticky":false,"template":"","format":"standard","meta":{"colormag_page_container_layout":"default_layout","colormag_page_sidebar_layout":"default_layout","footnotes":""},"categories":[18,17],"tags":[],"class_list":["post-30634","post","type-post","status-publish","format-standard","has-post-thumbnail","hentry","category-entretenimento","category-politica"],"amp_enabled":true,"_links":{"self":[{"href":"https:\/\/maricatotal.com.br\/site\/wp-json\/wp\/v2\/posts\/30634","targetHints":{"allow":["GET"]}}],"collection":[{"href":"https:\/\/maricatotal.com.br\/site\/wp-json\/wp\/v2\/posts"}],"about":[{"href":"https:\/\/maricatotal.com.br\/site\/wp-json\/wp\/v2\/types\/post"}],"author":[{"embeddable":true,"href":"https:\/\/maricatotal.com.br\/site\/wp-json\/wp\/v2\/users\/1"}],"replies":[{"embeddable":true,"href":"https:\/\/maricatotal.com.br\/site\/wp-json\/wp\/v2\/comments?post=30634"}],"version-history":[{"count":1,"href":"https:\/\/maricatotal.com.br\/site\/wp-json\/wp\/v2\/posts\/30634\/revisions"}],"predecessor-version":[{"id":30636,"href":"https:\/\/maricatotal.com.br\/site\/wp-json\/wp\/v2\/posts\/30634\/revisions\/30636"}],"wp:featuredmedia":[{"embeddable":true,"href":"https:\/\/maricatotal.com.br\/site\/wp-json\/wp\/v2\/media\/30635"}],"wp:attachment":[{"href":"https:\/\/maricatotal.com.br\/site\/wp-json\/wp\/v2\/media?parent=30634"}],"wp:term":[{"taxonomy":"category","embeddable":true,"href":"https:\/\/maricatotal.com.br\/site\/wp-json\/wp\/v2\/categories?post=30634"},{"taxonomy":"post_tag","embeddable":true,"href":"https:\/\/maricatotal.com.br\/site\/wp-json\/wp\/v2\/tags?post=30634"}],"curies":[{"name":"wp","href":"https:\/\/api.w.org\/{rel}","templated":true}]}}