{"id":30770,"date":"2021-11-22T07:09:07","date_gmt":"2021-11-22T10:09:07","guid":{"rendered":"https:\/\/maricatotal.com.br\/site\/?p=30770"},"modified":"2021-11-22T07:09:08","modified_gmt":"2021-11-22T10:09:08","slug":"procon-marica-participa-de-acao-conjunta-com-aguas-do-rio-em-itaipuacu","status":"publish","type":"post","link":"https:\/\/maricatotal.com.br\/site\/2021\/11\/22\/procon-marica-participa-de-acao-conjunta-com-aguas-do-rio-em-itaipuacu\/","title":{"rendered":"Procon-Maric\u00e1 participa de a\u00e7\u00e3o conjunta com \u00c1guas do Rio em Itaipua\u00e7u"},"content":{"rendered":"\n<p>A Prefeitura de Maric\u00e1, por meio da Secretaria de Defesa do Consumidor, levou para&nbsp;Itaipua\u00e7u&nbsp;neste s\u00e1bado (20\/11) uma equipe do Procon-Maric\u00e1 para participar de uma a\u00e7\u00e3o conjunta com a concession\u00e1ria \u00c1guas do Rio a fim de esclarecer e prestar orienta\u00e7\u00f5es jur\u00eddicas sobre poss\u00edveis pend\u00eancias que n\u00e3o foram assumidas pela Companhia Estadual de \u00c1guas e Esgotos (Cedae), que operava na localidade.&nbsp;&nbsp;<\/p>\n\n\n\n<p>A \u00c1guas do Rio cadastrou novos clientes com a finalidade de expandir cinco mil metros da rede de abastecimento entre as ruas 51 e 55, no Jardim Atl\u00e2ntico Central. O atendimento foi realizado em uma tenda montada ao lado do posto de sa\u00fade do bairro, na esquina das ruas 53 com Ant\u00f4nio Marques Marins (antiga 36).&nbsp;&nbsp;<\/p>\n\n\n\n<p>Quem procurou esclarecimentos sobre quest\u00f5es anteriores foi o aposentado Pedro Paulo Ferreira da Silva, de 72 anos, que comprou um hidr\u00f4metro h\u00e1 dois anos ap\u00f3s o an\u00fancio de amplia\u00e7\u00e3o da rede, que n\u00e3o se concretizou na \u00e9poca.&nbsp;&nbsp;<\/p>\n\n\n\n<p>\u201cTenho as notas fiscais de compra do aparelho e n\u00e3o quero pagar novamente por isso, ao contr\u00e1rio do que a empresa informou. O pessoal do Procon me orientou e, j\u00e1 na segunda-feira, irei at\u00e9 a sede para levar essa documenta\u00e7\u00e3o e buscar meus direitos. Se n\u00e3o fosse a aten\u00e7\u00e3o que recebi aqui, eu iria embora sem o problema ser resolvido\u201d, avaliou.&nbsp;&nbsp;<\/p>\n\n\n\n<p>Para a chefe de gabinete da Secretaria de Defesa do Consumidor,&nbsp;Chrystiane&nbsp;Pinheiro, \u00e9 importante que o morador se sinta amparado nesses momentos. \u201cA Cedae \u00e9 uma das campe\u00e3s de reclama\u00e7\u00f5es no Procon de Maric\u00e1, por todo o hist\u00f3rico de maus servi\u00e7os prestados. Trouxemos nosso corpo jur\u00eddico e de apoio para esclarecer tudo que o consumidor precisar\u201d, garantiu&nbsp;Crystiane, lembrando que os moradores da regi\u00e3o que tiverem pend\u00eancias a resolver podem procurar o Procon nas ag\u00eancias do Servi\u00e7o Integrado Municipal (SIM) do Centro e de&nbsp;Ino\u00e3&nbsp;ou o Centro Administrativo de&nbsp;Itaipua\u00e7u.<\/p>\n","protected":false},"excerpt":{"rendered":"<p>A Prefeitura de Maric\u00e1, por meio da Secretaria de Defesa do Consumidor, levou para&nbsp;Itaipua\u00e7u&nbsp;neste s\u00e1bado (20\/11) uma equipe do Procon-Maric\u00e1<\/p>\n","protected":false},"author":1,"featured_media":30771,"comment_status":"open","ping_status":"open","sticky":false,"template":"","format":"standard","meta":{"colormag_page_container_layout":"default_layout","colormag_page_sidebar_layout":"default_layout","footnotes":""},"categories":[18],"tags":[],"class_list":["post-30770","post","type-post","status-publish","format-standard","has-post-thumbnail","hentry","category-entretenimento"],"amp_enabled":true,"_links":{"self":[{"href":"https:\/\/maricatotal.com.br\/site\/wp-json\/wp\/v2\/posts\/30770","targetHints":{"allow":["GET"]}}],"collection":[{"href":"https:\/\/maricatotal.com.br\/site\/wp-json\/wp\/v2\/posts"}],"about":[{"href":"https:\/\/maricatotal.com.br\/site\/wp-json\/wp\/v2\/types\/post"}],"author":[{"embeddable":true,"href":"https:\/\/maricatotal.com.br\/site\/wp-json\/wp\/v2\/users\/1"}],"replies":[{"embeddable":true,"href":"https:\/\/maricatotal.com.br\/site\/wp-json\/wp\/v2\/comments?post=30770"}],"version-history":[{"count":1,"href":"https:\/\/maricatotal.com.br\/site\/wp-json\/wp\/v2\/posts\/30770\/revisions"}],"predecessor-version":[{"id":30772,"href":"https:\/\/maricatotal.com.br\/site\/wp-json\/wp\/v2\/posts\/30770\/revisions\/30772"}],"wp:featuredmedia":[{"embeddable":true,"href":"https:\/\/maricatotal.com.br\/site\/wp-json\/wp\/v2\/media\/30771"}],"wp:attachment":[{"href":"https:\/\/maricatotal.com.br\/site\/wp-json\/wp\/v2\/media?parent=30770"}],"wp:term":[{"taxonomy":"category","embeddable":true,"href":"https:\/\/maricatotal.com.br\/site\/wp-json\/wp\/v2\/categories?post=30770"},{"taxonomy":"post_tag","embeddable":true,"href":"https:\/\/maricatotal.com.br\/site\/wp-json\/wp\/v2\/tags?post=30770"}],"curies":[{"name":"wp","href":"https:\/\/api.w.org\/{rel}","templated":true}]}}