{"id":30773,"date":"2021-11-22T07:11:06","date_gmt":"2021-11-22T10:11:06","guid":{"rendered":"https:\/\/maricatotal.com.br\/site\/?p=30773"},"modified":"2021-11-22T07:11:07","modified_gmt":"2021-11-22T10:11:07","slug":"prefeitura-leva-diversos-servicos-a-moradores-do-mcmv-de-itaipuacu","status":"publish","type":"post","link":"https:\/\/maricatotal.com.br\/site\/2021\/11\/22\/prefeitura-leva-diversos-servicos-a-moradores-do-mcmv-de-itaipuacu\/","title":{"rendered":"Prefeitura leva diversos servi\u00e7os a moradores do MCMV de Itaipua\u00e7u"},"content":{"rendered":"\n<p>A Secretaria de Assist\u00eancia Social de Maric\u00e1 levou neste s\u00e1bado (20\/11) diversos servi\u00e7os do Centro de Refer\u00eancia em Assist\u00eancia Social (CRAS) para o residencial Carlos Marighella, condom\u00ednio do programa \u201cMinha Casa, Minha Vida\u201d, em&nbsp;Itaipua\u00e7u. Os moradores tiveram \u00e0 disposi\u00e7\u00e3o o cadastro e a atualiza\u00e7\u00e3o do&nbsp;Cad\u00danico&nbsp;(que d\u00e1 acesso a benef\u00edcios federais), solicita\u00e7\u00e3o de segunda via de certid\u00f5es (nascimento, \u00f3bito, casamento), pedidos de isen\u00e7\u00e3o de taxa para servi\u00e7os do Detran-RJ, carteira do idoso e Servi\u00e7o de Abordagem Social (SEAS), entre outros.&nbsp;&nbsp;<\/p>\n\n\n\n<p>As secretarias de Sa\u00fade e de Economia Solid\u00e1ria e o Sistema Nacional de Empregos (SINE) tamb\u00e9m participaram.&nbsp;&nbsp;<\/p>\n\n\n\n<p>A tenda do CRAS Itinerante foi montada na quadra do setor C do condom\u00ednio e teve grande procura durante toda a manh\u00e3, com um total de 485 atendimentos. \u201cA vinda deles aqui me ajudou muito porque vou poder resolver tudo de uma vez. Para mim foi maravilhoso\u201d, afirmou a dona de casa Gisele Carvalho, de 34 anos.&nbsp;&nbsp;<\/p>\n\n\n\n<p>Uma das moradoras mais satisfeitas com a a\u00e7\u00e3o era&nbsp;Ilana&nbsp;dos Santos Calmon, de 24 anos. Para expressar sua gratid\u00e3o pelos servi\u00e7os que j\u00e1 utiliza, como o Benef\u00edcio de Presta\u00e7\u00e3o Continuada (BPC) e as fraldas que recebe da equipe para seu filho especial, ela distribuiu um pequeno lanche para os funcion\u00e1rios da secretaria. \u201cQuando vim para c\u00e1 h\u00e1 tr\u00eas anos estava na ru\u00edna e, desde cedo, fui muito bem acolhida por todos da Assist\u00eancia Social. Cada uma dessas pessoas fez parte da minha vida de alguma maneira e eu vim para agradecer a todos\u201d, disse.&nbsp;&nbsp;<\/p>\n\n\n\n<p>O coordenador de Prote\u00e7\u00e3o Social da secretaria, Thiago Ribeiro, adiantou que o pr\u00f3ximo CRAS Itinerante dever\u00e1 ocorrer em dezembro, no distrito de Ponta Negra, mas com a data e local a serem definidos. \u201cAqui \u00e9 o poder p\u00fablico fazendo o seu papel, que \u00e9 levar os servi\u00e7os e pol\u00edticas p\u00fablicas at\u00e9 os locais onde os moradores t\u00eam dificuldade em buscar. A cada m\u00eas estaremos em um bairro da cidade levando nossas pol\u00edticas p\u00fablicas\u201d, garantiu ele.&nbsp;<\/p>\n","protected":false},"excerpt":{"rendered":"<p>A Secretaria de Assist\u00eancia Social de Maric\u00e1 levou neste s\u00e1bado (20\/11) diversos servi\u00e7os do Centro de Refer\u00eancia em Assist\u00eancia Social<\/p>\n","protected":false},"author":1,"featured_media":30774,"comment_status":"open","ping_status":"open","sticky":false,"template":"","format":"standard","meta":{"colormag_page_container_layout":"default_layout","colormag_page_sidebar_layout":"default_layout","footnotes":""},"categories":[18],"tags":[],"class_list":["post-30773","post","type-post","status-publish","format-standard","has-post-thumbnail","hentry","category-entretenimento"],"amp_enabled":true,"_links":{"self":[{"href":"https:\/\/maricatotal.com.br\/site\/wp-json\/wp\/v2\/posts\/30773","targetHints":{"allow":["GET"]}}],"collection":[{"href":"https:\/\/maricatotal.com.br\/site\/wp-json\/wp\/v2\/posts"}],"about":[{"href":"https:\/\/maricatotal.com.br\/site\/wp-json\/wp\/v2\/types\/post"}],"author":[{"embeddable":true,"href":"https:\/\/maricatotal.com.br\/site\/wp-json\/wp\/v2\/users\/1"}],"replies":[{"embeddable":true,"href":"https:\/\/maricatotal.com.br\/site\/wp-json\/wp\/v2\/comments?post=30773"}],"version-history":[{"count":1,"href":"https:\/\/maricatotal.com.br\/site\/wp-json\/wp\/v2\/posts\/30773\/revisions"}],"predecessor-version":[{"id":30775,"href":"https:\/\/maricatotal.com.br\/site\/wp-json\/wp\/v2\/posts\/30773\/revisions\/30775"}],"wp:featuredmedia":[{"embeddable":true,"href":"https:\/\/maricatotal.com.br\/site\/wp-json\/wp\/v2\/media\/30774"}],"wp:attachment":[{"href":"https:\/\/maricatotal.com.br\/site\/wp-json\/wp\/v2\/media?parent=30773"}],"wp:term":[{"taxonomy":"category","embeddable":true,"href":"https:\/\/maricatotal.com.br\/site\/wp-json\/wp\/v2\/categories?post=30773"},{"taxonomy":"post_tag","embeddable":true,"href":"https:\/\/maricatotal.com.br\/site\/wp-json\/wp\/v2\/tags?post=30773"}],"curies":[{"name":"wp","href":"https:\/\/api.w.org\/{rel}","templated":true}]}}