{"id":30983,"date":"2021-11-27T07:23:51","date_gmt":"2021-11-27T10:23:51","guid":{"rendered":"https:\/\/maricatotal.com.br\/site\/?p=30983"},"modified":"2021-11-27T07:23:52","modified_gmt":"2021-11-27T10:23:52","slug":"prefeitura-de-marica-e-governo-do-rj-assinam-acordo-para-implementacao-de-parque-industrial-e-terminal-de-ponta-negra","status":"publish","type":"post","link":"https:\/\/maricatotal.com.br\/site\/2021\/11\/27\/prefeitura-de-marica-e-governo-do-rj-assinam-acordo-para-implementacao-de-parque-industrial-e-terminal-de-ponta-negra\/","title":{"rendered":"Prefeitura de Maric\u00e1 e Governo do RJ assinam acordo para implementa\u00e7\u00e3o de Parque Industrial e Terminal de Ponta Negra"},"content":{"rendered":"\n<p>A Prefeitura de Maric\u00e1 e o Governo do Estado do Rio de Janeiro assinaram na manh\u00e3 desta sexta-feira (26\/11), durante a Expo Maric\u00e1, no shopping Boulevard, acordo de coopera\u00e7\u00e3o com o objetivo de implementar o Parque Industrial de Maric\u00e1 e o Terminal de Ponta Negra (TPN) e consolidar arranjos produtivos locais, a partir do g\u00e1s natural, por meio de planejamento estrat\u00e9gico, estudos e projetos de integra\u00e7\u00e3o da infraestrutura dispon\u00edvel na regi\u00e3o.&nbsp;<\/p>\n\n\n\n<p>\u2013 O Parque Industrial de Maric\u00e1 e o Terminal de Ponta Negra s\u00e3o elementos de infraestrutura log\u00edstica estrat\u00e9gicos e fundamentais para o crescimento econ\u00f4mico do estado \u2013, afirma o governador Cl\u00e1udio Castro. \u2013 Atrav\u00e9s dessas facilidades, e de outras como os aeroportos do Gale\u00e3o e Cabo Frio, vamos requalificar o Rio como o hub brasileiro para exporta\u00e7\u00e3o, importa\u00e7\u00e3o, distribui\u00e7\u00e3o de cargas e movimenta\u00e7\u00e3o de passageiros.<\/p>\n\n\n\n<p>Para o secret\u00e1rio estadual de Desenvolvimento Econ\u00f4mico, Energia e Rela\u00e7\u00f5es Internacionais, Vinicius Farah, a parceria ir\u00e1 fomentar ainda mais a regi\u00e3o de Maric\u00e1.<\/p>\n\n\n\n<p>\u2013 Maric\u00e1 tem potencial para se transformar em um dos principais polos industriais do pa\u00eds. A ideia \u00e9 somarmos for\u00e7as para transformarmos potencial em a\u00e7\u00f5es reais no menor espa\u00e7o de tempo poss\u00edvel. A chegada de novas empresas no Parque Industrial de Maric\u00e1, que podem ser beneficiadas pelo Novo RioLog, ir\u00e1 gerar emprego e renda para a regi\u00e3o.<\/p>\n\n\n\n<p>Para o secret\u00e1rio de Desenvolvimento Econ\u00f4mico de Maric\u00e1, Igor Sardinha, o termo de coopera\u00e7\u00e3o que foi assinado servir\u00e1 para fortalecer uma parceria com o governo do estado que na pr\u00e1tica j\u00e1 est\u00e1 em curso.&nbsp;<\/p>\n\n\n\n<p>\u2013 O reconhecimento pelo governo do estado do potencial de industrializa\u00e7\u00e3o da cidade de Maric\u00e1 a partir da Rota 3 do g\u00e1s e do Terminal Portu\u00e1rio de Ponta Negra j\u00e1 foi demonstrado no pr\u00f3prio decreto que criou o programa Industrializa Rio \u2013, afirma. \u2013 A inclus\u00e3o de Maric\u00e1 como cidade com al\u00edquota diferenciada no ICMS foi outra grande demonstra\u00e7\u00e3o. Atuaremos a partir dessa assinatura de maneira ainda mais forte e coordenada para viabilizarmos o nosso Parque Industrial gerando ainda mais emprego e renda na cidade e regi\u00e3o \u2013, conclui.<\/p>\n","protected":false},"excerpt":{"rendered":"<p>A Prefeitura de Maric\u00e1 e o Governo do Estado do Rio de Janeiro assinaram na manh\u00e3 desta sexta-feira (26\/11), durante<\/p>\n","protected":false},"author":1,"featured_media":30982,"comment_status":"open","ping_status":"open","sticky":false,"template":"","format":"standard","meta":{"colormag_page_container_layout":"default_layout","colormag_page_sidebar_layout":"default_layout","footnotes":""},"categories":[17],"tags":[],"class_list":["post-30983","post","type-post","status-publish","format-standard","has-post-thumbnail","hentry","category-politica"],"amp_enabled":true,"_links":{"self":[{"href":"https:\/\/maricatotal.com.br\/site\/wp-json\/wp\/v2\/posts\/30983","targetHints":{"allow":["GET"]}}],"collection":[{"href":"https:\/\/maricatotal.com.br\/site\/wp-json\/wp\/v2\/posts"}],"about":[{"href":"https:\/\/maricatotal.com.br\/site\/wp-json\/wp\/v2\/types\/post"}],"author":[{"embeddable":true,"href":"https:\/\/maricatotal.com.br\/site\/wp-json\/wp\/v2\/users\/1"}],"replies":[{"embeddable":true,"href":"https:\/\/maricatotal.com.br\/site\/wp-json\/wp\/v2\/comments?post=30983"}],"version-history":[{"count":1,"href":"https:\/\/maricatotal.com.br\/site\/wp-json\/wp\/v2\/posts\/30983\/revisions"}],"predecessor-version":[{"id":30984,"href":"https:\/\/maricatotal.com.br\/site\/wp-json\/wp\/v2\/posts\/30983\/revisions\/30984"}],"wp:featuredmedia":[{"embeddable":true,"href":"https:\/\/maricatotal.com.br\/site\/wp-json\/wp\/v2\/media\/30982"}],"wp:attachment":[{"href":"https:\/\/maricatotal.com.br\/site\/wp-json\/wp\/v2\/media?parent=30983"}],"wp:term":[{"taxonomy":"category","embeddable":true,"href":"https:\/\/maricatotal.com.br\/site\/wp-json\/wp\/v2\/categories?post=30983"},{"taxonomy":"post_tag","embeddable":true,"href":"https:\/\/maricatotal.com.br\/site\/wp-json\/wp\/v2\/tags?post=30983"}],"curies":[{"name":"wp","href":"https:\/\/api.w.org\/{rel}","templated":true}]}}