{"id":31037,"date":"2021-11-29T14:14:44","date_gmt":"2021-11-29T17:14:44","guid":{"rendered":"https:\/\/maricatotal.com.br\/site\/?p=31037"},"modified":"2021-11-29T14:14:45","modified_gmt":"2021-11-29T17:14:45","slug":"feira-livre-solidaria-de-cordeirinho-teve-artesanato-moda-e-atracao-cultural","status":"publish","type":"post","link":"https:\/\/maricatotal.com.br\/site\/2021\/11\/29\/feira-livre-solidaria-de-cordeirinho-teve-artesanato-moda-e-atracao-cultural\/","title":{"rendered":"Feira Livre Solid\u00e1ria de Cordeirinho teve artesanato, moda e atra\u00e7\u00e3o cultural"},"content":{"rendered":"\n<p>A Prefeitura de Maric\u00e1 realizou neste s\u00e1bado (27\/11) mais uma edi\u00e7\u00e3o da Feira Livre Solid\u00e1ria, em Cordeirinho. No local, a popula\u00e7\u00e3o pode apreciar e comprar objetos artesanais, moda, gastronomia, especiarias, al\u00e9m de brech\u00f3s e programa\u00e7\u00e3o cultural. \u00c0 noite, a m\u00fasica ficou por conta do cantor Luiz Fernando.<\/p>\n\n\n\n<p>Localizada na esquina da Rua 107 com a Rua 90, a feira livre acontece todos os s\u00e1bados das 16h \u00e0s 20h. A iniciativa \u00e9 uma parceria das secretarias de Economia Solid\u00e1ria, Cultura e de Participa\u00e7\u00e3o Popular, Direitos Humanos e Mulher.<\/p>\n\n\n\n<p>\u201cAl\u00e9m de oferecer oportunidade de trabalho aos comerciantes locais e aos pequenos empreendedores, a feira \u00e9 um local que contribui para integra\u00e7\u00e3o das fam\u00edlias\u201d, disse Soraia Maia, moradora de Maric\u00e1, que disse sempre aproveitar esse tipo de evento para levar os filhos.<\/p>\n\n\n\n<p><strong>Feira Livre Solid\u00e1ria nos quatro distritos&nbsp;<\/strong><\/p>\n\n\n\n<p>O circuito de Feiras Livres Solid\u00e1rias abrange os quatro distritos da cidade. Na regi\u00e3o central do munic\u00edpio, a feira ocorre aos domingos, na Pra\u00e7a Orlando de Barros Pimentel, a partir das 9h. J\u00e1 em Itaipua\u00e7u, a Pra\u00e7a do Ferreirinha sedia o evento aos s\u00e1bados, das 15h \u00e0s 22h.<\/p>\n\n\n\n<p>Os bairros de S\u00e3o Jos\u00e9 do Imbassa\u00ed e Ponta Negra est\u00e3o previstos para serem inseridos no circuito de Feiras Livres Solid\u00e1rias.<\/p>\n","protected":false},"excerpt":{"rendered":"<p>A Prefeitura de Maric\u00e1 realizou neste s\u00e1bado (27\/11) mais uma edi\u00e7\u00e3o da Feira Livre Solid\u00e1ria, em Cordeirinho. No local, a<\/p>\n","protected":false},"author":1,"featured_media":31038,"comment_status":"open","ping_status":"open","sticky":false,"template":"","format":"standard","meta":{"colormag_page_container_layout":"default_layout","colormag_page_sidebar_layout":"default_layout","footnotes":""},"categories":[18],"tags":[],"class_list":["post-31037","post","type-post","status-publish","format-standard","has-post-thumbnail","hentry","category-entretenimento"],"amp_enabled":true,"_links":{"self":[{"href":"https:\/\/maricatotal.com.br\/site\/wp-json\/wp\/v2\/posts\/31037","targetHints":{"allow":["GET"]}}],"collection":[{"href":"https:\/\/maricatotal.com.br\/site\/wp-json\/wp\/v2\/posts"}],"about":[{"href":"https:\/\/maricatotal.com.br\/site\/wp-json\/wp\/v2\/types\/post"}],"author":[{"embeddable":true,"href":"https:\/\/maricatotal.com.br\/site\/wp-json\/wp\/v2\/users\/1"}],"replies":[{"embeddable":true,"href":"https:\/\/maricatotal.com.br\/site\/wp-json\/wp\/v2\/comments?post=31037"}],"version-history":[{"count":1,"href":"https:\/\/maricatotal.com.br\/site\/wp-json\/wp\/v2\/posts\/31037\/revisions"}],"predecessor-version":[{"id":31039,"href":"https:\/\/maricatotal.com.br\/site\/wp-json\/wp\/v2\/posts\/31037\/revisions\/31039"}],"wp:featuredmedia":[{"embeddable":true,"href":"https:\/\/maricatotal.com.br\/site\/wp-json\/wp\/v2\/media\/31038"}],"wp:attachment":[{"href":"https:\/\/maricatotal.com.br\/site\/wp-json\/wp\/v2\/media?parent=31037"}],"wp:term":[{"taxonomy":"category","embeddable":true,"href":"https:\/\/maricatotal.com.br\/site\/wp-json\/wp\/v2\/categories?post=31037"},{"taxonomy":"post_tag","embeddable":true,"href":"https:\/\/maricatotal.com.br\/site\/wp-json\/wp\/v2\/tags?post=31037"}],"curies":[{"name":"wp","href":"https:\/\/api.w.org\/{rel}","templated":true}]}}