{"id":31055,"date":"2021-11-30T07:16:50","date_gmt":"2021-11-30T10:16:50","guid":{"rendered":"https:\/\/maricatotal.com.br\/site\/?p=31055"},"modified":"2021-11-30T07:16:51","modified_gmt":"2021-11-30T10:16:51","slug":"prefeitura-inicia-vacinacao-itinerante-no-barroco-em-itaipuacu","status":"publish","type":"post","link":"https:\/\/maricatotal.com.br\/site\/2021\/11\/30\/prefeitura-inicia-vacinacao-itinerante-no-barroco-em-itaipuacu\/","title":{"rendered":"Prefeitura inicia vacina\u00e7\u00e3o itinerante no Barroco, em Itaipua\u00e7u"},"content":{"rendered":"\n<p>A Prefeitura de Maric\u00e1, por meio da Secretaria de Sa\u00fade, iniciou nesta segunda-feira (29\/11) a vacina\u00e7\u00e3o itinerante contra a Covid-19, no Barroco, em Itaipua\u00e7u, que acontece das 9h \u00e0s 16h, at\u00e9 a pr\u00f3xima sexta-feira (03\/12). A equipe da Sa\u00fade aplica na popula\u00e7\u00e3o os imunizantes da Pfizer e da AstraZeneca. Tamb\u00e9m est\u00e3o dispon\u00edveis aplica\u00e7\u00f5es da 1\u00aa e 2\u00aa doses, ambas a partir dos 12 anos, e tamb\u00e9m da dose de refor\u00e7o a partir dos 18 anos.<\/p>\n\n\n\n<p>Em Itaipua\u00e7u, o imunizante CoronaVac est\u00e1 dispon\u00edvel somente no posto da Rua 53, no Jardim Atl\u00e2ntico. A estrat\u00e9gia itinerante j\u00e1 passou pelo Centro e Ponta Negra, imunizando mais de duas mil pessoas. At\u00e9 a \u00faltima sexta-feira (26), mais de 115 mil pessoas acima de 12 anos (81,2% da popula\u00e7\u00e3o) tinham recebido as duas doses ou a dose \u00fanica. Com a primeira dose eram 126,7 mil, ou seja, 89,2% at\u00e9 ent\u00e3o.<\/p>\n\n\n\n<p><strong>Popula\u00e7\u00e3o aprova a a\u00e7\u00e3o<\/strong><\/p>\n\n\n\n<p>Um dos primeiros a buscar imuniza\u00e7\u00e3o na tenda montada no local foi o pedreiro Paulo S\u00e9rgio Dornelas, de 48 anos, que tomou a segunda dose da AstraZeneca. \u201cEstava indo me vacinar no posto da Rua 53, quando fiquei sabendo que tinha vacina\u00e7\u00e3o aqui. Gostei dessa a\u00e7\u00e3o porque me poupou tempo\u201d, avaliou o morador do Recanto.<\/p>\n\n\n\n<p>A mesma vantagem foi observada pela aposentada Marluce de Lima Coutinho, que mora no Jardim Atl\u00e2ntico Central e buscou a dose de refor\u00e7o. \u201cFoi bom porque n\u00e3o precisei me deslocar muito\u201d, afirmou a aposentada de 67 anos.&nbsp;<\/p>\n\n\n\n<p>A tamb\u00e9m aposentada Rosane Corr\u00eaa, de 66 anos, passava pelo local e aproveitou para se vacinar. \u201cParei para perguntar e, quando confirmei, fui logo para a fila. Achei muito bom ter aqui t\u00e3o perto\u201d, disse a moradora do loteamento Bosque dos Flamboyants.<\/p>\n\n\n\n<p>Maric\u00e1 disponibiliza a segunda dose, dose de refor\u00e7o para pessoas com 18 anos ou mais que tenham completado o ciclo vacinal h\u00e1 cinco meses, al\u00e9m da repescagem com a primeira dose para todos acima de 12 anos. A Prefeitura abriu mais um polo fixo de vacina\u00e7\u00e3o na USF Ponta Negra, al\u00e9m da a\u00e7\u00e3o itinerante e dos polos de vacina\u00e7\u00e3o que funcionam na Unidade de Sa\u00fade da Fam\u00edlia (USF) Central; USF Jardim Atl\u00e2ntico; USF Ch\u00e1caras de Ino\u00e3; USF Marinel\u00e2ndia; USF Barroco e USF Mumbuca, que seguem funcionando de segunda a sexta-feira, das 9h \u00e0s 16h.<\/p>\n","protected":false},"excerpt":{"rendered":"<p>A Prefeitura de Maric\u00e1, por meio da Secretaria de Sa\u00fade, iniciou nesta segunda-feira (29\/11) a vacina\u00e7\u00e3o itinerante contra a Covid-19,<\/p>\n","protected":false},"author":1,"featured_media":31056,"comment_status":"open","ping_status":"open","sticky":false,"template":"","format":"standard","meta":{"colormag_page_container_layout":"default_layout","colormag_page_sidebar_layout":"default_layout","footnotes":""},"categories":[14],"tags":[],"class_list":["post-31055","post","type-post","status-publish","format-standard","has-post-thumbnail","hentry","category-bairros"],"amp_enabled":true,"_links":{"self":[{"href":"https:\/\/maricatotal.com.br\/site\/wp-json\/wp\/v2\/posts\/31055","targetHints":{"allow":["GET"]}}],"collection":[{"href":"https:\/\/maricatotal.com.br\/site\/wp-json\/wp\/v2\/posts"}],"about":[{"href":"https:\/\/maricatotal.com.br\/site\/wp-json\/wp\/v2\/types\/post"}],"author":[{"embeddable":true,"href":"https:\/\/maricatotal.com.br\/site\/wp-json\/wp\/v2\/users\/1"}],"replies":[{"embeddable":true,"href":"https:\/\/maricatotal.com.br\/site\/wp-json\/wp\/v2\/comments?post=31055"}],"version-history":[{"count":1,"href":"https:\/\/maricatotal.com.br\/site\/wp-json\/wp\/v2\/posts\/31055\/revisions"}],"predecessor-version":[{"id":31057,"href":"https:\/\/maricatotal.com.br\/site\/wp-json\/wp\/v2\/posts\/31055\/revisions\/31057"}],"wp:featuredmedia":[{"embeddable":true,"href":"https:\/\/maricatotal.com.br\/site\/wp-json\/wp\/v2\/media\/31056"}],"wp:attachment":[{"href":"https:\/\/maricatotal.com.br\/site\/wp-json\/wp\/v2\/media?parent=31055"}],"wp:term":[{"taxonomy":"category","embeddable":true,"href":"https:\/\/maricatotal.com.br\/site\/wp-json\/wp\/v2\/categories?post=31055"},{"taxonomy":"post_tag","embeddable":true,"href":"https:\/\/maricatotal.com.br\/site\/wp-json\/wp\/v2\/tags?post=31055"}],"curies":[{"name":"wp","href":"https:\/\/api.w.org\/{rel}","templated":true}]}}