{"id":31061,"date":"2021-11-30T07:21:14","date_gmt":"2021-11-30T10:21:14","guid":{"rendered":"https:\/\/maricatotal.com.br\/site\/?p=31061"},"modified":"2021-11-30T07:21:15","modified_gmt":"2021-11-30T10:21:15","slug":"prefeitura-de-marica-realiza-reordenamento-de-fios-em-postes-do-centro","status":"publish","type":"post","link":"https:\/\/maricatotal.com.br\/site\/2021\/11\/30\/prefeitura-de-marica-realiza-reordenamento-de-fios-em-postes-do-centro\/","title":{"rendered":"Prefeitura de Maric\u00e1 realiza reordenamento de fios em postes do Centro"},"content":{"rendered":"\n<p>A Prefeitura de Maric\u00e1 iniciou, no s\u00e1bado (27\/11), uma opera\u00e7\u00e3o integrada para o reordenamento de cabos e fios no espa\u00e7o a\u00e9reo da cidade, no entorno da Pra\u00e7a Conselheiro Macedo Soares (Pra\u00e7a do Turismo), no Centro. Durante a primeira etapa do projeto, cabos inutilizados de operadoras dos servi\u00e7os de energia el\u00e9trica e de telecomunica\u00e7\u00f5es j\u00e1 foram retirados dos postes, reduzindo, assim, a polui\u00e7\u00e3o visual no munic\u00edpio.<\/p>\n\n\n\n<p>A a\u00e7\u00e3o come\u00e7ou no Centro, \u00e1rea que concentra a maior quantidade de cabos sem funcionamento da cidade. Na regi\u00e3o, foram estabelecidas metas semanais de recolhimento em parceria com as empresas privadas que atuam na \u00e1rea. Ao serem atingidas, as metas permitir\u00e3o o avan\u00e7o do reordenamento a\u00e9reo a outros pontos do bairro. Equipes da Coordenadoria de Posturas atuam no descarte de todo o material recolhido.<\/p>\n\n\n\n<p>O servi\u00e7o na Pra\u00e7a do Turismo j\u00e1 foi conclu\u00eddo e, nesse s\u00e1bado (04\/12), equipes atuar\u00e3o no recolhimento de fios sem utiliza\u00e7\u00e3o da Rua Dom\u00edcio da Gama, chegando depois ao entorno da Pra\u00e7a Orlando de Barros Pimentel. A previs\u00e3o \u00e9 que, at\u00e9 o fim de dezembro, o reordenamento a\u00e9reo da regi\u00e3o central seja conclu\u00eddo, avan\u00e7ando em seguida para o bairro de Ara\u00e7atiba.<\/p>\n\n\n\n<p>Ap\u00f3s a retirada dos fios sem utilidade nos pontos com maior demanda ser\u00e1 feita uma a\u00e7\u00e3o paisag\u00edstica nesses locais, contando com a organiza\u00e7\u00e3o dos postes (adequando-os \u00e0 realidade dos bairros) e unindo os cabos existentes, melhorando o aspecto visual da regi\u00e3o.<\/p>\n\n\n\n<p><strong>Representantes da prefeitura e de empresas de telecomunica\u00e7\u00f5es elaboram a\u00e7\u00e3o conjunta<\/strong><\/p>\n\n\n\n<p>A elabora\u00e7\u00e3o do processo de reordenamento a\u00e9reo do munic\u00edpio teve in\u00edcio em 23\/11, durante encontro entre representantes da prefeitura e empresas de telecomunica\u00e7\u00f5es na sede da Secretaria de Ilumina\u00e7\u00e3o P\u00fablica, em Ino\u00e3. A reuni\u00e3o teve como ponto principal a exposi\u00e7\u00e3o dos problemas de desordenamento de cabos presentes nos postes das vias p\u00fablicas, ampliando o di\u00e1logo para a reorganiza\u00e7\u00e3o do espa\u00e7o a\u00e9reo em toda a cidade de maneira eficaz e ordenada.<\/p>\n","protected":false},"excerpt":{"rendered":"<p>A Prefeitura de Maric\u00e1 iniciou, no s\u00e1bado (27\/11), uma opera\u00e7\u00e3o integrada para o reordenamento de cabos e fios no espa\u00e7o<\/p>\n","protected":false},"author":1,"featured_media":31062,"comment_status":"open","ping_status":"open","sticky":false,"template":"","format":"standard","meta":{"colormag_page_container_layout":"default_layout","colormag_page_sidebar_layout":"default_layout","footnotes":""},"categories":[18],"tags":[],"class_list":["post-31061","post","type-post","status-publish","format-standard","has-post-thumbnail","hentry","category-entretenimento"],"amp_enabled":true,"_links":{"self":[{"href":"https:\/\/maricatotal.com.br\/site\/wp-json\/wp\/v2\/posts\/31061","targetHints":{"allow":["GET"]}}],"collection":[{"href":"https:\/\/maricatotal.com.br\/site\/wp-json\/wp\/v2\/posts"}],"about":[{"href":"https:\/\/maricatotal.com.br\/site\/wp-json\/wp\/v2\/types\/post"}],"author":[{"embeddable":true,"href":"https:\/\/maricatotal.com.br\/site\/wp-json\/wp\/v2\/users\/1"}],"replies":[{"embeddable":true,"href":"https:\/\/maricatotal.com.br\/site\/wp-json\/wp\/v2\/comments?post=31061"}],"version-history":[{"count":1,"href":"https:\/\/maricatotal.com.br\/site\/wp-json\/wp\/v2\/posts\/31061\/revisions"}],"predecessor-version":[{"id":31063,"href":"https:\/\/maricatotal.com.br\/site\/wp-json\/wp\/v2\/posts\/31061\/revisions\/31063"}],"wp:featuredmedia":[{"embeddable":true,"href":"https:\/\/maricatotal.com.br\/site\/wp-json\/wp\/v2\/media\/31062"}],"wp:attachment":[{"href":"https:\/\/maricatotal.com.br\/site\/wp-json\/wp\/v2\/media?parent=31061"}],"wp:term":[{"taxonomy":"category","embeddable":true,"href":"https:\/\/maricatotal.com.br\/site\/wp-json\/wp\/v2\/categories?post=31061"},{"taxonomy":"post_tag","embeddable":true,"href":"https:\/\/maricatotal.com.br\/site\/wp-json\/wp\/v2\/tags?post=31061"}],"curies":[{"name":"wp","href":"https:\/\/api.w.org\/{rel}","templated":true}]}}