{"id":31095,"date":"2021-12-01T07:53:25","date_gmt":"2021-12-01T10:53:25","guid":{"rendered":"https:\/\/maricatotal.com.br\/site\/?p=31095"},"modified":"2021-12-01T07:53:26","modified_gmt":"2021-12-01T10:53:26","slug":"variante-omicron-chega-ao-brasil-anvisa-confirma-2-casos","status":"publish","type":"post","link":"https:\/\/maricatotal.com.br\/site\/2021\/12\/01\/variante-omicron-chega-ao-brasil-anvisa-confirma-2-casos\/","title":{"rendered":"Variante \u00d4micron chega ao Brasil; Anvisa confirma 2 casos"},"content":{"rendered":"\n<p>A Ag\u00eancia Nacional de Vigil\u00e2ncia Sanit\u00e1ria (Anvisa) confirmou que o Brasil est\u00e1 na lista de pa\u00edses com registros de casos da \u00d4micron (B.1.1.529), a nova variante do coronav\u00edrus notificada na \u00c1frica do Sul. Dois casos foram notificados por um hospital em S\u00e3o Paulo.<\/p>\n\n\n\n<p>Pesquisadores monitoravam um brasileiro com passagem pelo continente africano, que\u00a0testou positivo para covid-19 ao desembarcar no Aeroporto de Guarulhos,\u00a0em S\u00e3o Paulo. Al\u00e9m dele, seis pessoas que tamb\u00e9m estavam no voo foram acompanhadas pela Secretaria Estadual de Sa\u00fade do Paran\u00e1 (Sesa).<\/p>\n\n\n\n<p>Nas amostras coletadas, o viajante e sua esposa testaram positivo para a variante do coronav\u00edrus. O sequenciamento do genoma foi realizado pelo laborat\u00f3rio Albert Einstein, em S\u00e3o Paulo \u2014 a confirma\u00e7\u00e3o do resultado passar\u00e1 por contraprova do Instituto Adolfo Lutz. Segundo informa\u00e7\u00f5es da CNN, o casal n\u00e3o estava vacinado e j\u00e1 est\u00e1 em isolamento domiciliar.<\/p>\n\n\n\n<p>Em nota, a Anvisa informou que a entrada do passageiro no Brasil ocorreu no dia 23 de novembro \u2014 antes da notifica\u00e7\u00e3o mundial sobre a identifica\u00e7\u00e3o da nova variante do SARS-CoV-2, que foi relatada pela primeira vez \u00e0 Organiza\u00e7\u00e3o Mundial da Sa\u00fade (OMS) pela \u00c1frica do Sul no dia 24 de novembro.<\/p>\n\n\n\n<p>Al\u00e9m disso, a chegada do viajante foi anterior \u00e0 edi\u00e7\u00e3o da portaria que proibiu, em car\u00e1ter tempor\u00e1rio, voos com destino ao Brasil que tenham origem ou passagem pela da \u00c1frica do Sul \u2014\u00a0mesma medida adotada em outros pa\u00edses e crit\u00edcada pela OMS.\u00a0<\/p>\n\n\n\n<p>A ag\u00eancia afirma que o Minist\u00e9rio da Sa\u00fade e as secretarias de Sa\u00fade estadual e municipal de S\u00e3o Paulo j\u00e1 est\u00e3o cientes dos casos e espera ado\u00e7\u00e3o das medidas de sa\u00fade p\u00fablica pertinentes.<\/p>\n\n\n\n<h2 class=\"wp-block-heading\">O que sabemos sobre a variante \u00d4micron<\/h2>\n\n\n\n<p>A\u00a0nova variante B.1.1.529, evolu\u00e7\u00e3o do v\u00edrus da covid-19, tem diversas muta\u00e7\u00f5es na prote\u00edna spike (S) \u2014 que ajuda o micro-organismo a infectar as c\u00e9lulas humanas. A primeira amostra da variante foi coletada em Botswana, pa\u00eds africano.<\/p>\n\n\n\n<p>A OMS j\u00e1 classificou a \u00d4micron como variante de preocupa\u00e7\u00e3o (VOC), j\u00e1 que 32 das mais 50 muta\u00e7\u00f5es est\u00e3o na prote\u00edna S. A organiza\u00e7\u00e3o tamb\u00e9m afirma que os testes de detec\u00e7\u00e3o do SARS-CoV-2, como PCR, podem diagnosticar a nova cepa. Ainda n\u00e3o \u00e9 sabido o qual contagiosa ou grave a infec\u00e7\u00e3o pode ser,\u00a0mas especialistas apontam que o momento \u00e9 de cautela\u2014 as mudan\u00e7as no genoma nunca foram vistas anteriormente juntas em nenhuma outra cepa. (Anvisa)<\/p>\n\n\n\n<p><\/p>\n","protected":false},"excerpt":{"rendered":"<p>A Ag\u00eancia Nacional de Vigil\u00e2ncia Sanit\u00e1ria (Anvisa) confirmou que o Brasil est\u00e1 na lista de pa\u00edses com registros de casos<\/p>\n","protected":false},"author":1,"featured_media":31096,"comment_status":"open","ping_status":"open","sticky":false,"template":"","format":"standard","meta":{"colormag_page_container_layout":"default_layout","colormag_page_sidebar_layout":"default_layout","footnotes":""},"categories":[17],"tags":[],"class_list":["post-31095","post","type-post","status-publish","format-standard","has-post-thumbnail","hentry","category-politica"],"amp_enabled":true,"_links":{"self":[{"href":"https:\/\/maricatotal.com.br\/site\/wp-json\/wp\/v2\/posts\/31095","targetHints":{"allow":["GET"]}}],"collection":[{"href":"https:\/\/maricatotal.com.br\/site\/wp-json\/wp\/v2\/posts"}],"about":[{"href":"https:\/\/maricatotal.com.br\/site\/wp-json\/wp\/v2\/types\/post"}],"author":[{"embeddable":true,"href":"https:\/\/maricatotal.com.br\/site\/wp-json\/wp\/v2\/users\/1"}],"replies":[{"embeddable":true,"href":"https:\/\/maricatotal.com.br\/site\/wp-json\/wp\/v2\/comments?post=31095"}],"version-history":[{"count":1,"href":"https:\/\/maricatotal.com.br\/site\/wp-json\/wp\/v2\/posts\/31095\/revisions"}],"predecessor-version":[{"id":31097,"href":"https:\/\/maricatotal.com.br\/site\/wp-json\/wp\/v2\/posts\/31095\/revisions\/31097"}],"wp:featuredmedia":[{"embeddable":true,"href":"https:\/\/maricatotal.com.br\/site\/wp-json\/wp\/v2\/media\/31096"}],"wp:attachment":[{"href":"https:\/\/maricatotal.com.br\/site\/wp-json\/wp\/v2\/media?parent=31095"}],"wp:term":[{"taxonomy":"category","embeddable":true,"href":"https:\/\/maricatotal.com.br\/site\/wp-json\/wp\/v2\/categories?post=31095"},{"taxonomy":"post_tag","embeddable":true,"href":"https:\/\/maricatotal.com.br\/site\/wp-json\/wp\/v2\/tags?post=31095"}],"curies":[{"name":"wp","href":"https:\/\/api.w.org\/{rel}","templated":true}]}}