{"id":31174,"date":"2021-12-03T00:34:33","date_gmt":"2021-12-03T03:34:33","guid":{"rendered":"https:\/\/maricatotal.com.br\/site\/?p=31174"},"modified":"2021-12-03T00:34:34","modified_gmt":"2021-12-03T03:34:34","slug":"prefeitura-promove-sabado-agroecologico-no-dia-04-12","status":"publish","type":"post","link":"https:\/\/maricatotal.com.br\/site\/2021\/12\/03\/prefeitura-promove-sabado-agroecologico-no-dia-04-12\/","title":{"rendered":"Prefeitura promove S\u00e1bado Agroecol\u00f3gico no dia 04\/12"},"content":{"rendered":"\n<p>A Prefeitura de Maric\u00e1 realiza a \u00faltima edi\u00e7\u00e3o do ano do S\u00e1bado Agroecol\u00f3gico, neste s\u00e1bado, dia 04\/12, na Pra\u00e7a Emilton Santos, em Ara\u00e7atiba. Cerca de 40 expositores com produtos caseiros, veganos, hortifrutis, massas, bebidas e artesanatos participam da Feira de Agricultura Familiar, das 8h \u00e0s 12h. A programa\u00e7\u00e3o contar\u00e1 com apresenta\u00e7\u00e3o ao vivo de m\u00fasicos locais e sorteios de cestas com produtos dos expositores presentes.<\/p>\n\n\n\n<p>No local haver\u00e1 uma oficina de reciclagem de material org\u00e2nico e apresenta\u00e7\u00e3o do projeto \u201cBaldinho do Bem\u201d, com a distribui\u00e7\u00e3o de baldes para que os moradores guardem as sobras de mat\u00e9ria org\u00e2nica (cascas e partes de frutas, legumes e verduras) que ser\u00e3o trocados por produtos das pra\u00e7as agroecol\u00f3gicas ou da Fazenda P\u00fablica Joaqu\u00edn Pi\u00f1ero.<\/p>\n\n\n\n<p>\u201cNo retorno do evento, em fevereiro de 2022, estaremos lan\u00e7ando esse projeto cujo objetivo \u00e9 justamente a compostagem, com os res\u00edduos org\u00e2nicos que a popula\u00e7\u00e3o vai nos trazer\u201d, afirma o secret\u00e1rio de Agricultura, Pecu\u00e1ria e Pesca, Julio Carolino. \u201cTemos gente para expor e um p\u00fablico cativo para comprar e ambos crescendo. Isso torna a feira um grande sucesso\u201d, completou.<\/p>\n","protected":false},"excerpt":{"rendered":"<p>A Prefeitura de Maric\u00e1 realiza a \u00faltima edi\u00e7\u00e3o do ano do S\u00e1bado Agroecol\u00f3gico, neste s\u00e1bado, dia 04\/12, na Pra\u00e7a Emilton<\/p>\n","protected":false},"author":1,"featured_media":31175,"comment_status":"open","ping_status":"open","sticky":false,"template":"","format":"standard","meta":{"colormag_page_container_layout":"default_layout","colormag_page_sidebar_layout":"default_layout","footnotes":""},"categories":[18],"tags":[],"class_list":["post-31174","post","type-post","status-publish","format-standard","has-post-thumbnail","hentry","category-entretenimento"],"amp_enabled":true,"_links":{"self":[{"href":"https:\/\/maricatotal.com.br\/site\/wp-json\/wp\/v2\/posts\/31174","targetHints":{"allow":["GET"]}}],"collection":[{"href":"https:\/\/maricatotal.com.br\/site\/wp-json\/wp\/v2\/posts"}],"about":[{"href":"https:\/\/maricatotal.com.br\/site\/wp-json\/wp\/v2\/types\/post"}],"author":[{"embeddable":true,"href":"https:\/\/maricatotal.com.br\/site\/wp-json\/wp\/v2\/users\/1"}],"replies":[{"embeddable":true,"href":"https:\/\/maricatotal.com.br\/site\/wp-json\/wp\/v2\/comments?post=31174"}],"version-history":[{"count":1,"href":"https:\/\/maricatotal.com.br\/site\/wp-json\/wp\/v2\/posts\/31174\/revisions"}],"predecessor-version":[{"id":31176,"href":"https:\/\/maricatotal.com.br\/site\/wp-json\/wp\/v2\/posts\/31174\/revisions\/31176"}],"wp:featuredmedia":[{"embeddable":true,"href":"https:\/\/maricatotal.com.br\/site\/wp-json\/wp\/v2\/media\/31175"}],"wp:attachment":[{"href":"https:\/\/maricatotal.com.br\/site\/wp-json\/wp\/v2\/media?parent=31174"}],"wp:term":[{"taxonomy":"category","embeddable":true,"href":"https:\/\/maricatotal.com.br\/site\/wp-json\/wp\/v2\/categories?post=31174"},{"taxonomy":"post_tag","embeddable":true,"href":"https:\/\/maricatotal.com.br\/site\/wp-json\/wp\/v2\/tags?post=31174"}],"curies":[{"name":"wp","href":"https:\/\/api.w.org\/{rel}","templated":true}]}}