{"id":31222,"date":"2021-12-03T14:19:25","date_gmt":"2021-12-03T17:19:25","guid":{"rendered":"https:\/\/maricatotal.com.br\/site\/?p=31222"},"modified":"2021-12-03T14:19:26","modified_gmt":"2021-12-03T17:19:26","slug":"homem-e-baleado-na-cabeca-no-mcmv-de-itaipuacu","status":"publish","type":"post","link":"https:\/\/maricatotal.com.br\/site\/2021\/12\/03\/homem-e-baleado-na-cabeca-no-mcmv-de-itaipuacu\/","title":{"rendered":"Homem \u00e9 baleado na cabe\u00e7a no MCMV de Itaipua\u00e7u"},"content":{"rendered":"\n<p>Um homem foi baleado na cabe\u00e7a no Residencial Carlos Marighela &#8211; Minha Casa, Minha Vida de Itaipua\u00e7u, na madrugada desta sexta-feira (03).<\/p>\n\n\n\n<p>Segundo informa\u00e7\u00f5es, um homem deu entrada na Unidade de Pronto Atendimento (UPA) de Ino\u00e3 baleado na cabe\u00e7a.<\/p>\n\n\n\n<p>O homem, que n\u00e3o foi identificado, recebeu os primeiros socorros e foi transferido para o Hospital Estadual Alberto Torres, em S\u00e3o Gon\u00e7alo.<\/p>\n\n\n\n<p>A v\u00edtima teria sido baleada em uma troca de tiros no condom\u00ednio.&nbsp;<\/p>\n\n\n\n<p>A Pol\u00edcia Militar acompanha o caso.<\/p>\n","protected":false},"excerpt":{"rendered":"<p>Um homem foi baleado na cabe\u00e7a no Residencial Carlos Marighela &#8211; Minha Casa, Minha Vida de Itaipua\u00e7u, na madrugada desta<\/p>\n","protected":false},"author":1,"featured_media":31223,"comment_status":"open","ping_status":"open","sticky":false,"template":"","format":"standard","meta":{"colormag_page_container_layout":"default_layout","colormag_page_sidebar_layout":"default_layout","footnotes":""},"categories":[1],"tags":[],"class_list":["post-31222","post","type-post","status-publish","format-standard","has-post-thumbnail","hentry","category-noticias"],"amp_enabled":true,"_links":{"self":[{"href":"https:\/\/maricatotal.com.br\/site\/wp-json\/wp\/v2\/posts\/31222","targetHints":{"allow":["GET"]}}],"collection":[{"href":"https:\/\/maricatotal.com.br\/site\/wp-json\/wp\/v2\/posts"}],"about":[{"href":"https:\/\/maricatotal.com.br\/site\/wp-json\/wp\/v2\/types\/post"}],"author":[{"embeddable":true,"href":"https:\/\/maricatotal.com.br\/site\/wp-json\/wp\/v2\/users\/1"}],"replies":[{"embeddable":true,"href":"https:\/\/maricatotal.com.br\/site\/wp-json\/wp\/v2\/comments?post=31222"}],"version-history":[{"count":1,"href":"https:\/\/maricatotal.com.br\/site\/wp-json\/wp\/v2\/posts\/31222\/revisions"}],"predecessor-version":[{"id":31224,"href":"https:\/\/maricatotal.com.br\/site\/wp-json\/wp\/v2\/posts\/31222\/revisions\/31224"}],"wp:featuredmedia":[{"embeddable":true,"href":"https:\/\/maricatotal.com.br\/site\/wp-json\/wp\/v2\/media\/31223"}],"wp:attachment":[{"href":"https:\/\/maricatotal.com.br\/site\/wp-json\/wp\/v2\/media?parent=31222"}],"wp:term":[{"taxonomy":"category","embeddable":true,"href":"https:\/\/maricatotal.com.br\/site\/wp-json\/wp\/v2\/categories?post=31222"},{"taxonomy":"post_tag","embeddable":true,"href":"https:\/\/maricatotal.com.br\/site\/wp-json\/wp\/v2\/tags?post=31222"}],"curies":[{"name":"wp","href":"https:\/\/api.w.org\/{rel}","templated":true}]}}