{"id":31268,"date":"2021-12-04T07:48:23","date_gmt":"2021-12-04T10:48:23","guid":{"rendered":"https:\/\/maricatotal.com.br\/site\/?p=31268"},"modified":"2021-12-04T07:48:24","modified_gmt":"2021-12-04T10:48:24","slug":"prefeitura-de-marica-divulga-balanco-da-operacao-verao-2021-2022","status":"publish","type":"post","link":"https:\/\/maricatotal.com.br\/site\/2021\/12\/04\/prefeitura-de-marica-divulga-balanco-da-operacao-verao-2021-2022\/","title":{"rendered":"Prefeitura de Maric\u00e1 divulga balan\u00e7o da Opera\u00e7\u00e3o Ver\u00e3o 2021-2022"},"content":{"rendered":"\n<p>A Prefeitura de Maric\u00e1 divulga o primeiro balan\u00e7o da Opera\u00e7\u00e3o Ver\u00e3o de 2021-2022, que foi iniciada em outubro com a integra\u00e7\u00e3o de agentes das secretarias municipais de Ordem P\u00fablica, Tr\u00e2nsito e Defesa Civil em a\u00e7\u00f5es diversas realizadas nas orlas da cidade. O objetivo da opera\u00e7\u00e3o \u00e9 promover a seguran\u00e7a aos frequentadores e o ordenamento urbano na regi\u00e3o de praias e lagoas de Maric\u00e1.<\/p>\n\n\n\n<p>\u201cNosso objetivo \u00e9 informar \u00e0 popula\u00e7\u00e3o que frequenta as nossas praias e lagoas de que h\u00e1 um regramento na cidade que todos devem respeitar para termos um ver\u00e3o mais seguro e consciente. \u00c9 necess\u00e1rio que todos cumpram as normas de seguran\u00e7a previstas no nosso C\u00f3digo de Tr\u00e2nsito. Por isso, estamos presentes ao longo do dia e tamb\u00e9m \u00e0 noite fazendo o ordenamento de toda a orla para proporcionar mais tranquilidade aos frequentadores\u201d, explicou o secret\u00e1rio de Ordem P\u00fablica, Rhonaltt Bueno.<\/p>\n\n\n\n<p>Segundo ele, as equipes tamb\u00e9m buscam orientar moradores e visitantes sobre a medidas de preven\u00e7\u00e3o contra a Covid-19. \u201cA pandemia ainda n\u00e3o acabou e precisamos manter os cuidados, por isso todos devem ter aten\u00e7\u00e3o e continuar adotando as medidas de preven\u00e7\u00e3o em respeito \u00e0 vida. Nossos guardas municipais e policiais do Proeis est\u00e3o sendo empregados dessa forma, tendo sempre como foco a orienta\u00e7\u00e3o \u00e0 popula\u00e7\u00e3o\u201d, concluiu.<\/p>\n\n\n\n<p><strong>Ordem P\u00fablica registra mais de 900 multas de tr\u00e2nsito&nbsp;<\/strong><\/p>\n\n\n\n<p>Com efetivo de 136 profissionais, entre guardas municipais e policiais do Proeis, e o apoio de 17 viaturas, a Secretaria de Ordem P\u00fablica e Gabinete Institucionais (Seop) registrou 971 notifica\u00e7\u00f5es de tr\u00e2nsito (566 carros e 405 motos) e apreendeu 38 ve\u00edculos. Entre as principais infra\u00e7\u00f5es de tr\u00e2nsito est\u00e3o a falta de uso do capacete pelos motociclistas, o estacionamento irregular em local proibido pela sinaliza\u00e7\u00e3o, em ciclofaixas ou vagas priorit\u00e1rias e o uso de celular ao volante. O Disk Seop registrou ainda 144 atendimentos, sendo 41 referentes \u00e0 informa\u00e7\u00e3o, 40 solicita\u00e7\u00f5es de tr\u00e2nsito, 40 den\u00fancias, 14 boletins de ocorr\u00eancia de policial militar, oito relativo ao meio ambiente e um atendimento realizado por outro \u00f3rg\u00e3o.<\/p>\n\n\n\n<p><strong>Controle e fluxo do tr\u00e2nsito<\/strong><\/p>\n\n\n\n<p>Com efetivo de 165 orientadores de tr\u00e2nsito, nove operadores operacionais e cinco agentes de tr\u00e2nsito, a Secretaria de Tr\u00e2nsito e Engenharia Vi\u00e1ria garantiu a ordem e a fluidez nas ruas da cidade, al\u00e9m de apoiar eventos. Os profissionais atuaram em todos os bairros, intensificando as a\u00e7\u00f5es no entorno e nos principais acessos da Pra\u00e7a Tiradentes (Ara\u00e7atiba), do farol e da Orla de Ponta Negra, da Praia do Recanto (Itaipua\u00e7u) e da Cachoeira do Espraiado. O controle especial do tr\u00e1fego precisou ser realizado nesses locais por se tratar tamb\u00e9m de pontos tur\u00edsticos para promover a seguran\u00e7a vi\u00e1ria aos visitantes da cidade.<\/p>\n\n\n\n<p><strong>Defesa Civil realiza mais de seis mil a\u00e7\u00f5es contra acidentes aqu\u00e1ticos<\/strong><\/p>\n\n\n\n<p>O Grupamento de Preven\u00e7\u00e3o em Salvamento Aqu\u00e1tico da Secretaria de Prote\u00e7\u00e3o e Defesa Civil de Maric\u00e1 realizou 6.181 preven\u00e7\u00f5es, 24 salvamentos e outras duas ocorr\u00eancias. O Suporte Avan\u00e7ado contou com 629 preven\u00e7\u00f5es e sete salvamentos; a equipe de Preven\u00e7\u00e3o e Combate a Inc\u00eandio em Vegeta\u00e7\u00e3o Rasteira registrou 16 ocorr\u00eancias e foram realizadas 21 vistorias emergenciais feitas pelo Centro Operacional 24 horas. Tamb\u00e9m foram realizados dez boletins meteorol\u00f3gicos, um informe meteorol\u00f3gico, al\u00e9m de 185 rondas e um salvamento pelo pessoal do Patrulhamento Lagunar e Orla.<\/p>\n","protected":false},"excerpt":{"rendered":"<p>A Prefeitura de Maric\u00e1 divulga o primeiro balan\u00e7o da Opera\u00e7\u00e3o Ver\u00e3o de 2021-2022, que foi iniciada em outubro com a<\/p>\n","protected":false},"author":1,"featured_media":31269,"comment_status":"open","ping_status":"open","sticky":false,"template":"","format":"standard","meta":{"colormag_page_container_layout":"default_layout","colormag_page_sidebar_layout":"default_layout","footnotes":""},"categories":[1,17],"tags":[],"class_list":["post-31268","post","type-post","status-publish","format-standard","has-post-thumbnail","hentry","category-noticias","category-politica"],"amp_enabled":true,"_links":{"self":[{"href":"https:\/\/maricatotal.com.br\/site\/wp-json\/wp\/v2\/posts\/31268","targetHints":{"allow":["GET"]}}],"collection":[{"href":"https:\/\/maricatotal.com.br\/site\/wp-json\/wp\/v2\/posts"}],"about":[{"href":"https:\/\/maricatotal.com.br\/site\/wp-json\/wp\/v2\/types\/post"}],"author":[{"embeddable":true,"href":"https:\/\/maricatotal.com.br\/site\/wp-json\/wp\/v2\/users\/1"}],"replies":[{"embeddable":true,"href":"https:\/\/maricatotal.com.br\/site\/wp-json\/wp\/v2\/comments?post=31268"}],"version-history":[{"count":1,"href":"https:\/\/maricatotal.com.br\/site\/wp-json\/wp\/v2\/posts\/31268\/revisions"}],"predecessor-version":[{"id":31270,"href":"https:\/\/maricatotal.com.br\/site\/wp-json\/wp\/v2\/posts\/31268\/revisions\/31270"}],"wp:featuredmedia":[{"embeddable":true,"href":"https:\/\/maricatotal.com.br\/site\/wp-json\/wp\/v2\/media\/31269"}],"wp:attachment":[{"href":"https:\/\/maricatotal.com.br\/site\/wp-json\/wp\/v2\/media?parent=31268"}],"wp:term":[{"taxonomy":"category","embeddable":true,"href":"https:\/\/maricatotal.com.br\/site\/wp-json\/wp\/v2\/categories?post=31268"},{"taxonomy":"post_tag","embeddable":true,"href":"https:\/\/maricatotal.com.br\/site\/wp-json\/wp\/v2\/tags?post=31268"}],"curies":[{"name":"wp","href":"https:\/\/api.w.org\/{rel}","templated":true}]}}