{"id":31490,"date":"2021-12-13T07:15:05","date_gmt":"2021-12-13T10:15:05","guid":{"rendered":"https:\/\/maricatotal.com.br\/site\/?p=31490"},"modified":"2021-12-13T07:15:07","modified_gmt":"2021-12-13T10:15:07","slug":"ictim-completa-dois-anos-com-novos-projetos-para-2022","status":"publish","type":"post","link":"https:\/\/maricatotal.com.br\/site\/2021\/12\/13\/ictim-completa-dois-anos-com-novos-projetos-para-2022\/","title":{"rendered":"ICTIM completa dois anos com novos projetos para 2022"},"content":{"rendered":"\n<p>Criado pela Lei Complementar n\u00ba 325, de 11 de dezembro de 2019, o Instituto de Ci\u00eancia, Tecnologia e Inova\u00e7\u00e3o de Maric\u00e1 (ICTIM) completa dois anos de atividades. Da Sa\u00fade \u00e0 Educa\u00e7\u00e3o, a autarquia da Prefeitura de Maric\u00e1 quer entrar em 2022 com qualifica\u00e7\u00e3o profissional e projetos para melhorar o futuro da cidade.&nbsp;&nbsp;<\/p>\n\n\n\n<p>Em janeiro do pr\u00f3ximo ano ter\u00e1 in\u00edcio o projeto do ICTIM, em parceria com a Secretaria de Trabalho, para a implanta\u00e7\u00e3o de quatro polos de qualifica\u00e7\u00e3o profissional (um em cada distrito da cidade). Ao todo, ser\u00e3o ofertadas 2.850 vagas em 11 cursos. As capacita\u00e7\u00f5es ser\u00e3o em \u00e1reas que permanentemente oferecem oportunidades no mercado de trabalho, como Gest\u00e3o e Turismo.&nbsp;&nbsp;<\/p>\n\n\n\n<p>Para o prefeito de Maric\u00e1, Fabiano Horta, o maior desafio \u00e9 desenvolver projetos e estrat\u00e9gias que tragam independ\u00eancia para a cidade, ap\u00f3s o fim do&nbsp;pr\u00e9-sal. \u201cTrabalhamos constantemente com o desafio de preparar Maric\u00e1 para o fim do&nbsp;pr\u00e9-sal. Nesse sentido, o ICTIM, que completa dois anos com uma capilaridade de experi\u00eancias de gente grande, est\u00e1 amplamente envolvido. Vamos incentivar e continuar construindo projetos com Ci\u00eancia, Tecnologia e Inova\u00e7\u00e3o, trazendo desenvolvimento e perseguindo a Maric\u00e1 do futuro que queremos\u201d, destaca o prefeito.&nbsp;&nbsp;<\/p>\n\n\n\n<p>Outro destaque \u00e9 o programa de inicia\u00e7\u00e3o cient\u00edfica, aberto at\u00e9 31 de janeiro de 2022, com oferta de 60 bolsas, sendo 48 para alunos do Programa Passaporte Universit\u00e1rio e 12 para professores orientadores de pesquisa. Para participar, os interessados dever\u00e3o ler os crit\u00e9rios nos editais publicados no site&nbsp;<a href=\"https:\/\/word-edit.officeapps.live.com\/we\/www.ictim.com.br\">www.ictim.com.br<\/a>, acessando no menu \u201cprogramas e projetos\u201d e, na sequ\u00eancia, em \u201ceditais\u201d.&nbsp;&nbsp;<\/p>\n\n\n\n<p>\u201cO programa de Inicia\u00e7\u00e3o Cient\u00edfica de Maric\u00e1 visa fomentar e valorizar a cultura da pesquisa, do ensino e da aplicabilidade cient\u00edfica junto aos alunos do Passaporte Universit\u00e1rio. A ideia \u00e9 propor o debate da aplica\u00e7\u00e3o de solu\u00e7\u00f5es em conhecimento para o bem-estar e promo\u00e7\u00e3o da justi\u00e7a social\u201d, afirma o diretor-presidente do ICTIM, Celso&nbsp;Pansera.&nbsp;&nbsp;<\/p>\n\n\n\n<p>Tamb\u00e9m j\u00e1 previsto para o pr\u00f3ximo ano, est\u00e1 o projeto do Ambiente Digital, que oferecer\u00e1 inclus\u00e3o digital com acesso gratuito \u00e0 internet, cultura da Inova\u00e7\u00e3o, fomento \u00e0 empregabilidade e capacita\u00e7\u00e3o profissional. Ser\u00e3o cinco polos distribu\u00eddos no munic\u00edpio, com previs\u00e3o de in\u00edcio de opera\u00e7\u00e3o em mar\u00e7o de 2022. \u00c0 mesma \u00e9poca, ainda dever\u00e1 ser instalada a Casa da Ci\u00eancia \/ Planet\u00e1rio.&nbsp;&nbsp;<\/p>\n\n\n\n<p><strong>Sa\u00fade com intelig\u00eancia e Inova\u00e7\u00e3o<\/strong>&nbsp;<\/p>\n\n\n\n<p>O ano de 2020 foi brutalmente atingido pela pandemia da Covid-19, e o governo de Maric\u00e1 deu uma r\u00e1pida resposta, implantando medidas de combate. Entre elas, o ICTIM, junto \u00e0 Secretaria de Sa\u00fade, instalou o Laborat\u00f3rio Central (Lacen) para a realiza\u00e7\u00e3o de testes PCR-RT da Covid-19, com mais de 20 mil testes efetuados. No futuro, ser\u00e1 transferido para o laborat\u00f3rio de Biotecnologia de Maric\u00e1, o&nbsp;Labiomar.&nbsp;&nbsp;<\/p>\n\n\n\n<p>A Pesquisa Sentinela Covid-19, cujo objetivo era medir a incid\u00eancia do v\u00edrus na cidade, foi outro projeto desenvolvido com sucesso. Foram realizadas 770 visitas nos 1\u00ba e 2\u00ba ciclos realizados no munic\u00edpio (out\/20 a dez\/20 \u2013 1\u00aa etapa). J\u00e1 nos 1\u00ba, 2\u00ba e 3\u00ba ciclos da 2\u00aa etapa (mai\/21 a&nbsp;ago\/21) foram 1.155 visitas.&nbsp;&nbsp;<\/p>\n\n\n\n<p>Para auxiliar no tratamento da Covid-19 e de outras doen\u00e7as respirat\u00f3rias, o ICTIM, em parceria com a Secretaria de Sa\u00fade e a empresa&nbsp;Tracel, vem desenvolvendo, desde dezembro de 2020, a Encomenda Tecnol\u00f3gica (ETEC) de um respirador n\u00e3o invasivo. O produto, do qual o munic\u00edpio \u00e9 s\u00f3cio na patente, foi validado e aprovado em testes no laborat\u00f3rio do Hospital Municipal Dr. Ernesto Che Guevara e Hospital&nbsp;Gaffr\u00e9e&nbsp;e Guinle. J\u00e1 foram entregues 250 equipamentos em novembro e a f\u00e1brica ser\u00e1 instalada em Maric\u00e1 no primeiro semestre de 2022.&nbsp; &nbsp;&nbsp;<\/p>\n\n\n\n<p><strong>Novos projetos tecnol\u00f3gicos<\/strong>&nbsp;<\/p>\n\n\n\n<p>Em parceria com a Secretaria de Cultura, a ETEC Audiovisual visa empregabilidade atrav\u00e9s de plataforma de Streaming, acervo de produ\u00e7\u00f5es, est\u00fadio de grava\u00e7\u00e3o, qualifica\u00e7\u00e3o profissional e empreendedorismo cultural, que ser\u00e3o implementados na cidade.&nbsp;&nbsp;<\/p>\n\n\n\n<p>No campo da educa\u00e7\u00e3o, a ETEC de Nivelamento da Educa\u00e7\u00e3o B\u00e1sica, que vem sendo desenvolvida desde setembro de 2021, objetiva refor\u00e7ar o aprendizado dos alunos que prestar\u00e3o as provas do Sistema Nacional de Avalia\u00e7\u00e3o da Educa\u00e7\u00e3o B\u00e1sica (SAEB), diante das dificuldades surgidas no aprendizado durante a pandemia. Foram&nbsp;abertas&nbsp;duas mil vagas para alunos dos 2\u00ba, 5\u00ba e 9\u00ba anos das escolas da rede municipal de ensino. O projeto \u00e9 pioneiro e, caso os resultados se comprovem positivos, ser\u00e1 ampliado no pr\u00f3ximo ano escolar.&nbsp;&nbsp;<\/p>\n\n\n\n<p>Desenvolvida em parceria com diversas secretarias (Educa\u00e7\u00e3o, Economia Solid\u00e1ria, Agricultura, Sa\u00fade, Desenvolvimento Econ\u00f4mico) e com previs\u00e3o de in\u00edcio em janeiro de 2022, a ETEC Alimentos Saud\u00e1veis tem o objetivo de estruturar o ecossistema alimentar, que trar\u00e1 gera\u00e7\u00e3o de emprego e elevar\u00e1 a renda dos trabalhadores rurais.&nbsp;&nbsp;&nbsp;<\/p>\n\n\n\n<p>H\u00e1, ainda, a ETEC Transporte Sustent\u00e1vel, que visa trazer para Maric\u00e1 tr\u00eas \u00f4nibus h\u00edbridos (el\u00e9trico, hidrog\u00eanio e etanol), incorporando empregabilidade, inova\u00e7\u00e3o e sustentabilidade. O ICTIM atua neste contexto em parceria com a Secretaria de Desenvolvimento Econ\u00f4mico, a Empresa P\u00fablica de Transportes (EPT), a Universidade Federal do Rio de Janeiro (UFRJ), a&nbsp;Coppetec&nbsp;e a&nbsp;Tracel.&nbsp; &nbsp;&nbsp;<\/p>\n\n\n\n<p><strong>Estrat\u00e9gia de ci\u00eancia, tecnologia e inova\u00e7\u00e3o<\/strong>&nbsp;<\/p>\n\n\n\n<p>Em dezembro de 2020, o ICTIM lan\u00e7ou a Estrat\u00e9gia Municipal de Ci\u00eancia, Tecnologia e Inova\u00e7\u00e3o de Maric\u00e1 (EMCTI). Nela, inclui-se o projeto de Incubadora de Base&nbsp;Tecnosocial, prevista para o per\u00edodo de 2022 a 2024, em parceria com secretarias e institui\u00e7\u00f5es de ensino. O objetivo \u00e9 criar empresas de base&nbsp;tecnosocial&nbsp;locais, ampliar a renda local, incentivar o empreendedorismo e a capacidade inovadora no munic\u00edpio.&nbsp;<\/p>\n","protected":false},"excerpt":{"rendered":"<p>Criado pela Lei Complementar n\u00ba 325, de 11 de dezembro de 2019, o Instituto de Ci\u00eancia, Tecnologia e Inova\u00e7\u00e3o de<\/p>\n","protected":false},"author":1,"featured_media":31491,"comment_status":"open","ping_status":"open","sticky":false,"template":"","format":"standard","meta":{"colormag_page_container_layout":"default_layout","colormag_page_sidebar_layout":"default_layout","footnotes":""},"categories":[1],"tags":[],"class_list":["post-31490","post","type-post","status-publish","format-standard","has-post-thumbnail","hentry","category-noticias"],"amp_enabled":true,"_links":{"self":[{"href":"https:\/\/maricatotal.com.br\/site\/wp-json\/wp\/v2\/posts\/31490","targetHints":{"allow":["GET"]}}],"collection":[{"href":"https:\/\/maricatotal.com.br\/site\/wp-json\/wp\/v2\/posts"}],"about":[{"href":"https:\/\/maricatotal.com.br\/site\/wp-json\/wp\/v2\/types\/post"}],"author":[{"embeddable":true,"href":"https:\/\/maricatotal.com.br\/site\/wp-json\/wp\/v2\/users\/1"}],"replies":[{"embeddable":true,"href":"https:\/\/maricatotal.com.br\/site\/wp-json\/wp\/v2\/comments?post=31490"}],"version-history":[{"count":1,"href":"https:\/\/maricatotal.com.br\/site\/wp-json\/wp\/v2\/posts\/31490\/revisions"}],"predecessor-version":[{"id":31492,"href":"https:\/\/maricatotal.com.br\/site\/wp-json\/wp\/v2\/posts\/31490\/revisions\/31492"}],"wp:featuredmedia":[{"embeddable":true,"href":"https:\/\/maricatotal.com.br\/site\/wp-json\/wp\/v2\/media\/31491"}],"wp:attachment":[{"href":"https:\/\/maricatotal.com.br\/site\/wp-json\/wp\/v2\/media?parent=31490"}],"wp:term":[{"taxonomy":"category","embeddable":true,"href":"https:\/\/maricatotal.com.br\/site\/wp-json\/wp\/v2\/categories?post=31490"},{"taxonomy":"post_tag","embeddable":true,"href":"https:\/\/maricatotal.com.br\/site\/wp-json\/wp\/v2\/tags?post=31490"}],"curies":[{"name":"wp","href":"https:\/\/api.w.org\/{rel}","templated":true}]}}