{"id":31711,"date":"2021-12-21T06:19:20","date_gmt":"2021-12-21T09:19:20","guid":{"rendered":"https:\/\/maricatotal.com.br\/site\/?p=31711"},"modified":"2021-12-21T06:19:22","modified_gmt":"2021-12-21T09:19:22","slug":"marica-reduz-para-quatro-meses-intervalo-da-dose-de-reforco-contra-a-covid-19-em-pessoas-acima-de-18-anos","status":"publish","type":"post","link":"https:\/\/maricatotal.com.br\/site\/2021\/12\/21\/marica-reduz-para-quatro-meses-intervalo-da-dose-de-reforco-contra-a-covid-19-em-pessoas-acima-de-18-anos\/","title":{"rendered":"Maric\u00e1 reduz para quatro meses intervalo da dose de refor\u00e7o contra a Covid-19 em pessoas acima de 18 anos"},"content":{"rendered":"\n<p>A Prefeitura de Maric\u00e1, por meio da Secretaria Municipal de Sa\u00fade, passa a aplicar a partir desta ter\u00e7a-feira (21\/12) a dose de refor\u00e7o em maiores de 18 anos ou pessoas que tenham recebido a segunda dose ou dose \u00fanica h\u00e1 pelo menos quatro meses. A medida tamb\u00e9m vale para uma dose extra aos imunossuprimidos que j\u00e1 tomaram dose de refor\u00e7o.&nbsp; A medida \u00e9 uma recomenda\u00e7\u00e3o do&nbsp;Minist\u00e9rio da Sa\u00fade e \u00e9 uma estrat\u00e9gia para frear o avan\u00e7o de novas variantes.<\/p>\n\n\n\n<p>A secret\u00e1ria municipal de Sa\u00fade, Solange Oliveira, refor\u00e7ou a import\u00e2ncia de manter os cuidados durante as festividades.<\/p>\n\n\n\n<p>\u201cNesta \u00e9poca em que costumamos nos reunir com a fam\u00edlia e amigos devemos redobrar os cuidados de preven\u00e7\u00e3o contra a Covid-19. Estamos no melhor momento da pandemia, com a vacina\u00e7\u00e3o adiantada e taxas de contamina\u00e7\u00e3o e interna\u00e7\u00e3o bem baixas, mas ela ainda n\u00e3o acabou. Continue se cuidando e n\u00e3o deixe de tomar a segunda dose ou dose de refor\u00e7o quando for a hora\u201d, destacou.<\/p>\n\n\n\n<p><strong>Popula\u00e7\u00e3o protegida&nbsp;<\/strong><\/p>\n\n\n\n<p>Maric\u00e1 j\u00e1 alcan\u00e7ou 87% da popula\u00e7\u00e3o acima de 12 anos com as duas doses ou dose \u00fanica, ou seja, mais de 123 mil pessoas. A primeira dose j\u00e1 foi aplicada em 127.822 pessoas, n\u00famero que representa 90% da popula\u00e7\u00e3o. Al\u00e9m da dose de refor\u00e7o e da quarta dose para os imunossuprimidos, o munic\u00edpio segue aplicando a segunda dose, com intervalo reduzido para 21 dias na vacina da Pfizer e oito semanas para a AstraZeneca, e repescagem com a primeira dose para todos acima de 12 anos.<\/p>\n\n\n\n<p><strong>Quando e onde tomar a vacina&nbsp;<\/strong><\/p>\n\n\n\n<p>Dia: ter\u00e7a-feira (21\/12) a quinta feira (23\/12) e segunda (27\/12) a quinta-feira (30\/12)<\/p>\n\n\n\n<p>Hora: Das 9h \u00e0s 16h<\/p>\n\n\n\n<p><strong>Locais:&nbsp;<\/strong><\/p>\n\n\n\n<p>USF Central- Rua Cl\u00edmaco Pereira, 241, Centro.<\/p>\n\n\n\n<p>USF Jardim Atl\u00e2ntico- USF Jardim Atl\u00e2ntico- Rua 36, lote 01, quadra 206. Loteamento Jardim Atl\u00e2ntico, Itaipua\u00e7u.<\/p>\n\n\n\n<p>USF Ch\u00e1caras de Ino\u00e3- Rodovia Amaral Peixoto, km 16. (ao lado do Polo Mania), Ino\u00e3.<\/p>\n\n\n\n<p>USF Marinel\u00e2ndia- Rua Nove, Quadra 15, Cordeirinho.<\/p>\n\n\n\n<p>USF Barroco- Rua Get\u00falio Vargas (antiga Rua 2), lote 13, quadra 4, casa 2, Itaipua\u00e7u.<\/p>\n\n\n\n<p>USF Mumbuca- Rua Hip\u00f3lito de Abreu Rangel, s\/n.<\/p>\n\n\n\n<p>USF Ponta Negra- Alcebiades Teodoro Pereira, s\/n.<\/p>\n\n\n\n<p>USF S\u00e3o Jos\u00e9 2- Estrada da Cachocheira, s\/n, S\u00e3o Jos\u00e9 do Imbassa\u00ed.<\/p>\n\n\n\n<p>USF Ino\u00e3 2- Rodovia Amaral Peixoto, km 14, s\/n, (ao lado do DPO).<\/p>\n\n\n\n<p>USF Barra- Rua \u00canani Manoel Soares, s\/n, Barra de Maric\u00e1.<\/p>\n\n\n\n<p>USF Ponta Grossa- Rua Irineu Ferreira Pinto, s\/n<\/p>\n\n\n\n<p><strong>Documentos necess\u00e1rios para vacina\u00e7\u00e3o&nbsp;<\/strong><\/p>\n\n\n\n<p>Para a primeira dose, os adultos precisam apresentar um documento de identidade com foto, CPF e comprovante de resid\u00eancia. J\u00e1 os adolescentes devem levar documento de identidade ou certid\u00e3o de nascimento. Para a segunda dose \u00e9 necess\u00e1rio, tamb\u00e9m, o comprovante de vacina\u00e7\u00e3o.<\/p>\n\n\n\n<p>Para a dose de refor\u00e7o, os maiores de 18 anos devem apresentar um documento de identifica\u00e7\u00e3o com foto, CPF e os comprovantes de vacina\u00e7\u00e3o e resid\u00eancia. Idosos acamados e pessoas com dificuldade severa de locomo\u00e7\u00e3o podem agendar a vacina\u00e7\u00e3o em casa. Basta entrar em contato com a unidade de sa\u00fade de refer\u00eancia.<\/p>\n\n\n\n<p>J\u00e1 para a dose extra, os imunossuprimidos acima de 18 anos precisam dos mesmos documentos, al\u00e9m de um laudo m\u00e9dico atualizado comprovando a condi\u00e7\u00e3o de sa\u00fade. Poder\u00e3o se vacinar pessoas com imunodefici\u00eancia prim\u00e1ria grave, em tratamento de quimioterapia, transplantados de \u00f3rg\u00e3o s\u00f3lido ou de c\u00e9lulas tronco, pessoas vivendo com HIV\/Aids com CD4 &lt;200 c\u00e9ls\/mm3; pacientes em hemodi\u00e1lise ou com doen\u00e7as imunomediadas inflamat\u00f3rias cr\u00f4nicas (reumatol\u00f3gicas, autoinflamat\u00f3rias, doen\u00e7as intestinais inflamat\u00f3rias).<\/p>\n\n\n\n<p>Tamb\u00e9m est\u00e3o na lista as pessoas que fazem uso de corticoides em doses \u226520 mg\/dia de prednisona, ou equivalente, por \u226514 dias ou uso de drogas modificadoras da resposta imune, conforme lista abaixo:<\/p>\n\n\n\n<p>Metotrexato; Leflunomida; Micofenalato de mofetila; Azatiprina; Ciclofosfamida; Ciclosporina; Tacrolimus; 6-mercaptopurina; Biologicos em geral (infliximabe, etanececept, humira, Adalimumabe, Tocilizumabe, Canakinumabe, Golimumabe, Certolizumabe, Abatacepte, Secukinumabe, Ustekinumabe); Indicadores da JAK (Tofacitinibe, Baracitinibe e Upadacitinibe).<\/p>\n","protected":false},"excerpt":{"rendered":"<p>A Prefeitura de Maric\u00e1, por meio da Secretaria Municipal de Sa\u00fade, passa a aplicar a partir desta ter\u00e7a-feira (21\/12) a<\/p>\n","protected":false},"author":1,"featured_media":31712,"comment_status":"open","ping_status":"open","sticky":false,"template":"","format":"standard","meta":{"colormag_page_container_layout":"default_layout","colormag_page_sidebar_layout":"default_layout","footnotes":""},"categories":[14],"tags":[],"class_list":["post-31711","post","type-post","status-publish","format-standard","has-post-thumbnail","hentry","category-bairros"],"amp_enabled":true,"_links":{"self":[{"href":"https:\/\/maricatotal.com.br\/site\/wp-json\/wp\/v2\/posts\/31711","targetHints":{"allow":["GET"]}}],"collection":[{"href":"https:\/\/maricatotal.com.br\/site\/wp-json\/wp\/v2\/posts"}],"about":[{"href":"https:\/\/maricatotal.com.br\/site\/wp-json\/wp\/v2\/types\/post"}],"author":[{"embeddable":true,"href":"https:\/\/maricatotal.com.br\/site\/wp-json\/wp\/v2\/users\/1"}],"replies":[{"embeddable":true,"href":"https:\/\/maricatotal.com.br\/site\/wp-json\/wp\/v2\/comments?post=31711"}],"version-history":[{"count":1,"href":"https:\/\/maricatotal.com.br\/site\/wp-json\/wp\/v2\/posts\/31711\/revisions"}],"predecessor-version":[{"id":31713,"href":"https:\/\/maricatotal.com.br\/site\/wp-json\/wp\/v2\/posts\/31711\/revisions\/31713"}],"wp:featuredmedia":[{"embeddable":true,"href":"https:\/\/maricatotal.com.br\/site\/wp-json\/wp\/v2\/media\/31712"}],"wp:attachment":[{"href":"https:\/\/maricatotal.com.br\/site\/wp-json\/wp\/v2\/media?parent=31711"}],"wp:term":[{"taxonomy":"category","embeddable":true,"href":"https:\/\/maricatotal.com.br\/site\/wp-json\/wp\/v2\/categories?post=31711"},{"taxonomy":"post_tag","embeddable":true,"href":"https:\/\/maricatotal.com.br\/site\/wp-json\/wp\/v2\/tags?post=31711"}],"curies":[{"name":"wp","href":"https:\/\/api.w.org\/{rel}","templated":true}]}}