{"id":31737,"date":"2021-12-21T16:52:23","date_gmt":"2021-12-21T19:52:23","guid":{"rendered":"https:\/\/maricatotal.com.br\/site\/?p=31737"},"modified":"2021-12-21T16:53:51","modified_gmt":"2021-12-21T19:53:51","slug":"marica-tera-queima-de-fogos-em-aracatiba-guaratiba-parque-nanci-e-sao-jose-do-imbassai-no-natal-25","status":"publish","type":"post","link":"https:\/\/maricatotal.com.br\/site\/2021\/12\/21\/marica-tera-queima-de-fogos-em-aracatiba-guaratiba-parque-nanci-e-sao-jose-do-imbassai-no-natal-25\/","title":{"rendered":"Maric\u00e1 ter\u00e1 queima de fogos em Ara\u00e7atiba, Guaratiba, Parque Nanci e S\u00e3o Jos\u00e9 do Imbassa\u00ed no Natal (25)"},"content":{"rendered":"\n<p>A Prefeitura de Maric\u00e1, atrav\u00e9s da Secretaria de Turismo, ir\u00e1 realizar uma grande queima de fogos no pr\u00f3ximo s\u00e1bado (25), Natal, \u00e0s 19h30.<\/p>\n\n\n\n<p>Simultaneamente, a festa ir\u00e1 acontecer em Ara\u00e7atiba, Guaratiba, Parque Nanci e S\u00e3o Jos\u00e9 do Imbassa\u00ed, grandes pontos tur\u00edsticos da cidade.<\/p>\n\n\n\n<p>O Natal Iluminado foi iniciado no \u00faltimo fim de semana e j\u00e1 encantou toda cidade e turistas, que tem como a \u00c1rvore Flutuante, o ponto mais acessado.<\/p>\n","protected":false},"excerpt":{"rendered":"<p>A Prefeitura de Maric\u00e1, atrav\u00e9s da Secretaria de Turismo, ir\u00e1 realizar uma grande queima de fogos no pr\u00f3ximo s\u00e1bado (25),<\/p>\n","protected":false},"author":1,"featured_media":31676,"comment_status":"open","ping_status":"open","sticky":false,"template":"","format":"standard","meta":{"colormag_page_container_layout":"default_layout","colormag_page_sidebar_layout":"default_layout","footnotes":""},"categories":[14,18],"tags":[],"class_list":["post-31737","post","type-post","status-publish","format-standard","has-post-thumbnail","hentry","category-bairros","category-entretenimento"],"amp_enabled":true,"_links":{"self":[{"href":"https:\/\/maricatotal.com.br\/site\/wp-json\/wp\/v2\/posts\/31737","targetHints":{"allow":["GET"]}}],"collection":[{"href":"https:\/\/maricatotal.com.br\/site\/wp-json\/wp\/v2\/posts"}],"about":[{"href":"https:\/\/maricatotal.com.br\/site\/wp-json\/wp\/v2\/types\/post"}],"author":[{"embeddable":true,"href":"https:\/\/maricatotal.com.br\/site\/wp-json\/wp\/v2\/users\/1"}],"replies":[{"embeddable":true,"href":"https:\/\/maricatotal.com.br\/site\/wp-json\/wp\/v2\/comments?post=31737"}],"version-history":[{"count":2,"href":"https:\/\/maricatotal.com.br\/site\/wp-json\/wp\/v2\/posts\/31737\/revisions"}],"predecessor-version":[{"id":31740,"href":"https:\/\/maricatotal.com.br\/site\/wp-json\/wp\/v2\/posts\/31737\/revisions\/31740"}],"wp:featuredmedia":[{"embeddable":true,"href":"https:\/\/maricatotal.com.br\/site\/wp-json\/wp\/v2\/media\/31676"}],"wp:attachment":[{"href":"https:\/\/maricatotal.com.br\/site\/wp-json\/wp\/v2\/media?parent=31737"}],"wp:term":[{"taxonomy":"category","embeddable":true,"href":"https:\/\/maricatotal.com.br\/site\/wp-json\/wp\/v2\/categories?post=31737"},{"taxonomy":"post_tag","embeddable":true,"href":"https:\/\/maricatotal.com.br\/site\/wp-json\/wp\/v2\/tags?post=31737"}],"curies":[{"name":"wp","href":"https:\/\/api.w.org\/{rel}","templated":true}]}}