{"id":31750,"date":"2021-12-22T09:14:25","date_gmt":"2021-12-22T12:14:25","guid":{"rendered":"https:\/\/maricatotal.com.br\/site\/?p=31750"},"modified":"2021-12-22T09:14:27","modified_gmt":"2021-12-22T12:14:27","slug":"governador-claudio-castro-lanca-plano-de-recuperacao-de-47-batalhoes-da-pm","status":"publish","type":"post","link":"https:\/\/maricatotal.com.br\/site\/2021\/12\/22\/governador-claudio-castro-lanca-plano-de-recuperacao-de-47-batalhoes-da-pm\/","title":{"rendered":"Governador Cl\u00e1udio Castro lan\u00e7a plano de recupera\u00e7\u00e3o de 47 batalh\u00f5es da PM"},"content":{"rendered":"\n<p>O governador Cl\u00e1udio Castro lan\u00e7a, nesta quarta-feira (22\/12), \u00e0s 11h, o plano de recupera\u00e7\u00e3o dos batalh\u00f5es da Pol\u00edcia Militar. O pacote inclui a reforma de 47 batalh\u00f5es, com investimento de R$ 126 milh\u00f5es. As unidades operacionais passar\u00e3o por obras nos alojamentos e refeit\u00f3rios, reconstru\u00e7\u00e3o de telhados e restaura\u00e7\u00e3o de fachadas. A PMERJ tem quart\u00e9is hist\u00f3ricos, alguns com mais de 100 anos e que nunca sofreram uma interven\u00e7\u00e3o em sua infraestrutura com essa magnitude. Estar\u00e3o presentes os secret\u00e1rios de Pol\u00edcia Militar, coronel Luiz Henrique Marinho Pires, e de Infraestrutura e Obras, Max Lemos, e o presidente da Empresa de Obras P\u00fablicas do Estado (Emop-RJ), Andr\u00e9 Braga.&nbsp;Servi\u00e7o:<\/p>\n\n\n\n<p><strong>Lan\u00e7amento do plano de recupera\u00e7\u00e3o dos batalh\u00f5es da PM<\/strong><\/p>\n\n\n\n<p>Data: 22\/12\/2021 (quarta-feira)<\/p>\n\n\n\n<p>Hor\u00e1rio: 11h<\/p>\n\n\n\n<p>Local: 4\u00ba BPMERJ &#8211; Rua Francisco Eug\u00eanio, 228 &#8211; S\u00e3o Crist\u00f3v\u00e3o<\/p>\n","protected":false},"excerpt":{"rendered":"<p>O governador Cl\u00e1udio Castro lan\u00e7a, nesta quarta-feira (22\/12), \u00e0s 11h, o plano de recupera\u00e7\u00e3o dos batalh\u00f5es da Pol\u00edcia Militar. O<\/p>\n","protected":false},"author":1,"featured_media":31751,"comment_status":"open","ping_status":"open","sticky":false,"template":"","format":"standard","meta":{"colormag_page_container_layout":"default_layout","colormag_page_sidebar_layout":"default_layout","footnotes":""},"categories":[1,17],"tags":[],"class_list":["post-31750","post","type-post","status-publish","format-standard","has-post-thumbnail","hentry","category-noticias","category-politica"],"amp_enabled":true,"_links":{"self":[{"href":"https:\/\/maricatotal.com.br\/site\/wp-json\/wp\/v2\/posts\/31750","targetHints":{"allow":["GET"]}}],"collection":[{"href":"https:\/\/maricatotal.com.br\/site\/wp-json\/wp\/v2\/posts"}],"about":[{"href":"https:\/\/maricatotal.com.br\/site\/wp-json\/wp\/v2\/types\/post"}],"author":[{"embeddable":true,"href":"https:\/\/maricatotal.com.br\/site\/wp-json\/wp\/v2\/users\/1"}],"replies":[{"embeddable":true,"href":"https:\/\/maricatotal.com.br\/site\/wp-json\/wp\/v2\/comments?post=31750"}],"version-history":[{"count":1,"href":"https:\/\/maricatotal.com.br\/site\/wp-json\/wp\/v2\/posts\/31750\/revisions"}],"predecessor-version":[{"id":31752,"href":"https:\/\/maricatotal.com.br\/site\/wp-json\/wp\/v2\/posts\/31750\/revisions\/31752"}],"wp:featuredmedia":[{"embeddable":true,"href":"https:\/\/maricatotal.com.br\/site\/wp-json\/wp\/v2\/media\/31751"}],"wp:attachment":[{"href":"https:\/\/maricatotal.com.br\/site\/wp-json\/wp\/v2\/media?parent=31750"}],"wp:term":[{"taxonomy":"category","embeddable":true,"href":"https:\/\/maricatotal.com.br\/site\/wp-json\/wp\/v2\/categories?post=31750"},{"taxonomy":"post_tag","embeddable":true,"href":"https:\/\/maricatotal.com.br\/site\/wp-json\/wp\/v2\/tags?post=31750"}],"curies":[{"name":"wp","href":"https:\/\/api.w.org\/{rel}","templated":true}]}}