{"id":31818,"date":"2021-12-28T06:48:32","date_gmt":"2021-12-28T09:48:32","guid":{"rendered":"https:\/\/maricatotal.com.br\/site\/?p=31818"},"modified":"2021-12-28T06:48:33","modified_gmt":"2021-12-28T09:48:33","slug":"prefeitura-divulga-os-pontos-de-coleta-da-campanha-humanitaria-pela-bahia","status":"publish","type":"post","link":"https:\/\/maricatotal.com.br\/site\/2021\/12\/28\/prefeitura-divulga-os-pontos-de-coleta-da-campanha-humanitaria-pela-bahia\/","title":{"rendered":"Prefeitura divulga os pontos de coleta da campanha humanit\u00e1ria pela Bahia"},"content":{"rendered":"\n<p>Ap\u00f3s anunciar na manh\u00e3 desta segunda-feira (27\/12) o in\u00edcio de uma campanha de solidariedade junto aos moradores de Maric\u00e1 em favor das v\u00edtimas das enchentes na Bahia, a Prefeitura listou 12 pontos de coleta para as doa\u00e7\u00f5es da popula\u00e7\u00e3o. S\u00e3o eles:<\/p>\n\n\n\n<p><strong>Pontos de Coleta&nbsp;<\/strong><\/p>\n\n\n\n<p>\u2013CRAS<br>\u2013CREAS<br>\u2013Secretaria de Assist\u00eancia Social<br>\u20134 Polos de Cultura de Direitos<br>\u2013Secretaria de Participa\u00e7\u00e3o Popular, Direitos Humanos e Mulher<br>\u2013SIM (Centro, Itaipua\u00e7u e Ino\u00e3)<br>\u2013Prefeitura<br>\u2013Secretaria de Economia Solid\u00e1ria<br>\u2013Pra\u00e7a Orlando de Barros Pimentel<br>\u201311 Polos Distritais de Vacina\u00e7\u00e3o<br>\u2013Pra\u00e7a do Ferreirinha (Itaipua\u00e7u)<br>\u2013Pra\u00e7a Nossa Senhora das Gra\u00e7as (Ponta Negra)<br>\u2013Secretaria de Cultura<br>\u2013Centro de Artes e Esportes Unificado (CEU)<br>\u2013Centro de Cultura e Arte de Itaipua\u00e7u<br>\u2013Estande do Natal Iluminado em Ara\u00e7atiba<\/p>\n\n\n\n<p><strong>Mobiliza\u00e7\u00e3o popular com amor e civismo<br><\/strong><br>A iniciativa da campanha partiu do prefeito Fabiano Horta, mediante o drama de 430 mil pessoas impactadas pelas fortes chuvas em 58 munic\u00edpios baianos, j\u00e1 com 16 mil desabrigados e quase 20 mil desalojados.<\/p>\n\n\n\n<p>Em postagem na noite de domingo (26\/12) em suas redes sociais, Fabiano lamentou pelas v\u00edtimas, solidarizou-se com os gestores municipais e o governador da Bahia, Rui Costa, e ressaltou sua aposta positiva no envolvimento dos cidad\u00e3os na campanha:<\/p>\n\n\n\n<p>\u201cDeixo aqui meu mais sincero compromisso humanit\u00e1rio e toda minha confian\u00e7a na sensibilidade e solidariedade de cada maricaense, que nos ajudar\u00e1 nesta campanha c\u00edvica e de amor ao pr\u00f3ximo\u201d, escreveu, enfatizando que o apoio emergencial aos munic\u00edpios baianos eleva a vida humana ao grau de valor fundamental.<\/p>\n\n\n\n<p><strong>O que doar \u00e0s v\u00edtimas da Bahia<br><\/strong><br>A campanha vai reunir nos 12 pontos de coleta de Maric\u00e1 alimentos n\u00e3o perec\u00edveis, \u00e1gua, roupas, itens de primeiros socorros, rem\u00e9dios, material de higiene pessoal e de limpeza.<\/p>\n\n\n\n<p><strong>Maric\u00e1 entende de solidariedade&nbsp;<\/strong><\/p>\n\n\n\n<p>Com uma gest\u00e3o de foco social e econ\u00f4mico, Maric\u00e1 tem afinidade com a\u00e7\u00f5es solid\u00e1rias e emp\u00e1ticas, na condi\u00e7\u00e3o de \u00fanico munic\u00edpio do pa\u00eds a praticar a transfer\u00eancia de renda a quem mais precisa.<\/p>\n\n\n\n<p>O resultado desta pr\u00e1tica, que incluiu a cria\u00e7\u00e3o de uma moeda social local (Mumbuca), levou a cidade ao p\u00f3dio do Instituto Brasileiro de Geografia e Estat\u00edstica (IBGE), que, no \u00faltimo dia 17\/12, divulgou estudo segundo o qual Maric\u00e1 \u00e9 a cidade que mais cresceu no PIB em 17 anos em todo o pa\u00eds.<\/p>\n","protected":false},"excerpt":{"rendered":"<p>Ap\u00f3s anunciar na manh\u00e3 desta segunda-feira (27\/12) o in\u00edcio de uma campanha de solidariedade junto aos moradores de Maric\u00e1 em<\/p>\n","protected":false},"author":1,"featured_media":31819,"comment_status":"open","ping_status":"open","sticky":false,"template":"","format":"standard","meta":{"colormag_page_container_layout":"default_layout","colormag_page_sidebar_layout":"default_layout","footnotes":""},"categories":[17],"tags":[],"class_list":["post-31818","post","type-post","status-publish","format-standard","has-post-thumbnail","hentry","category-politica"],"amp_enabled":true,"_links":{"self":[{"href":"https:\/\/maricatotal.com.br\/site\/wp-json\/wp\/v2\/posts\/31818","targetHints":{"allow":["GET"]}}],"collection":[{"href":"https:\/\/maricatotal.com.br\/site\/wp-json\/wp\/v2\/posts"}],"about":[{"href":"https:\/\/maricatotal.com.br\/site\/wp-json\/wp\/v2\/types\/post"}],"author":[{"embeddable":true,"href":"https:\/\/maricatotal.com.br\/site\/wp-json\/wp\/v2\/users\/1"}],"replies":[{"embeddable":true,"href":"https:\/\/maricatotal.com.br\/site\/wp-json\/wp\/v2\/comments?post=31818"}],"version-history":[{"count":1,"href":"https:\/\/maricatotal.com.br\/site\/wp-json\/wp\/v2\/posts\/31818\/revisions"}],"predecessor-version":[{"id":31820,"href":"https:\/\/maricatotal.com.br\/site\/wp-json\/wp\/v2\/posts\/31818\/revisions\/31820"}],"wp:featuredmedia":[{"embeddable":true,"href":"https:\/\/maricatotal.com.br\/site\/wp-json\/wp\/v2\/media\/31819"}],"wp:attachment":[{"href":"https:\/\/maricatotal.com.br\/site\/wp-json\/wp\/v2\/media?parent=31818"}],"wp:term":[{"taxonomy":"category","embeddable":true,"href":"https:\/\/maricatotal.com.br\/site\/wp-json\/wp\/v2\/categories?post=31818"},{"taxonomy":"post_tag","embeddable":true,"href":"https:\/\/maricatotal.com.br\/site\/wp-json\/wp\/v2\/tags?post=31818"}],"curies":[{"name":"wp","href":"https:\/\/api.w.org\/{rel}","templated":true}]}}