{"id":32054,"date":"2022-01-05T09:00:19","date_gmt":"2022-01-05T12:00:19","guid":{"rendered":"https:\/\/maricatotal.com.br\/site\/?p=32054"},"modified":"2022-01-05T09:00:21","modified_gmt":"2022-01-05T12:00:21","slug":"acusado-de-abusar-sexualmente-da-propria-filha-e-preso-em-cordeirinho","status":"publish","type":"post","link":"https:\/\/maricatotal.com.br\/site\/2022\/01\/05\/acusado-de-abusar-sexualmente-da-propria-filha-e-preso-em-cordeirinho\/","title":{"rendered":"Acusado de abusar sexualmente da pr\u00f3pria filha \u00e9 preso em Cordeirinho"},"content":{"rendered":"\n<p><br>Um homem, de 44 anos, acusado de abusar sexualmente da pr\u00f3pria filha foi preso por policiais da 72\u00aa DP (S\u00e3o Gon\u00e7alo), no bairro de Cordeirinho, em Maric\u00e1.<\/p>\n\n\n\n<p>Segundo informa\u00e7\u00f5es preliminares, o meliante foi preso em um ponto de \u00f4nibus, onde fugiria para Itabora\u00ed.&nbsp;<\/p>\n\n\n\n<p>O crime foi denunciado no ano de 2014 pela pr\u00f3pria filha, afirmando que era abusada desde os oito anos de idade.<\/p>\n\n\n\n<p>O meliante, que n\u00e3o teve identidade revelada, foi condenado a 20 anos de pris\u00e3o em regime fechado pelo juiz em exerc\u00edcio da Vara Criminal de Maric\u00e1.<\/p>\n\n\n\n<p>Policiais encaminharam o homem para a 72\u00aa DP, onde o caso foi registrado. Ele seguir\u00e1 para o sistema prisional.<\/p>\n","protected":false},"excerpt":{"rendered":"<p>Um homem, de 44 anos, acusado de abusar sexualmente da pr\u00f3pria filha foi preso por policiais da 72\u00aa DP (S\u00e3o<\/p>\n","protected":false},"author":1,"featured_media":32055,"comment_status":"open","ping_status":"open","sticky":false,"template":"","format":"standard","meta":{"colormag_page_container_layout":"default_layout","colormag_page_sidebar_layout":"default_layout","footnotes":""},"categories":[1],"tags":[],"class_list":["post-32054","post","type-post","status-publish","format-standard","has-post-thumbnail","hentry","category-noticias"],"amp_enabled":true,"_links":{"self":[{"href":"https:\/\/maricatotal.com.br\/site\/wp-json\/wp\/v2\/posts\/32054","targetHints":{"allow":["GET"]}}],"collection":[{"href":"https:\/\/maricatotal.com.br\/site\/wp-json\/wp\/v2\/posts"}],"about":[{"href":"https:\/\/maricatotal.com.br\/site\/wp-json\/wp\/v2\/types\/post"}],"author":[{"embeddable":true,"href":"https:\/\/maricatotal.com.br\/site\/wp-json\/wp\/v2\/users\/1"}],"replies":[{"embeddable":true,"href":"https:\/\/maricatotal.com.br\/site\/wp-json\/wp\/v2\/comments?post=32054"}],"version-history":[{"count":1,"href":"https:\/\/maricatotal.com.br\/site\/wp-json\/wp\/v2\/posts\/32054\/revisions"}],"predecessor-version":[{"id":32056,"href":"https:\/\/maricatotal.com.br\/site\/wp-json\/wp\/v2\/posts\/32054\/revisions\/32056"}],"wp:featuredmedia":[{"embeddable":true,"href":"https:\/\/maricatotal.com.br\/site\/wp-json\/wp\/v2\/media\/32055"}],"wp:attachment":[{"href":"https:\/\/maricatotal.com.br\/site\/wp-json\/wp\/v2\/media?parent=32054"}],"wp:term":[{"taxonomy":"category","embeddable":true,"href":"https:\/\/maricatotal.com.br\/site\/wp-json\/wp\/v2\/categories?post=32054"},{"taxonomy":"post_tag","embeddable":true,"href":"https:\/\/maricatotal.com.br\/site\/wp-json\/wp\/v2\/tags?post=32054"}],"curies":[{"name":"wp","href":"https:\/\/api.w.org\/{rel}","templated":true}]}}