{"id":32061,"date":"2022-01-05T10:01:37","date_gmt":"2022-01-05T13:01:37","guid":{"rendered":"https:\/\/maricatotal.com.br\/site\/?p=32061"},"modified":"2022-01-05T10:08:03","modified_gmt":"2022-01-05T13:08:03","slug":"programa-de-amparo-ao-trabalhador-sera-prorrogado-ate-abril","status":"publish","type":"post","link":"https:\/\/maricatotal.com.br\/site\/2022\/01\/05\/programa-de-amparo-ao-trabalhador-sera-prorrogado-ate-abril\/","title":{"rendered":"Programa de Amparo ao Trabalhador ser\u00e1 prorrogado at\u00e9 abril"},"content":{"rendered":"\n<p>O Programa de Amparo ao Trabalhador (PAT) ser\u00e1  prorrogado at\u00e9 abril de 2022.\u00a0<\/p>\n\n\n\n<p>A informa\u00e7\u00e3o foi confirmada pelo prefeito Fabiano Horta (PT) nas redes sociais.<\/p>\n\n\n\n<p>\u201cHoje, 05\/01, entreguei a mensagem do executivo\/2022 ao pres. da C\u00e2mara, Aldair de Linda, e demais vereadores, c\/ diretrizes e metas p\/ o ano. Dentre elas a PRORROGA\u00c7\u00c3O do PAT at\u00e9 abril. Agrade\u00e7o ao poder Legislativo, sem o qual n\u00e3o seria poss\u00edvel realizar tanto pelo povo.\u201d, concluiu o chefe do executivo.\u00a0<\/p>\n\n\n\n<p>Com o valor de 600 mumbucas, equivalente a R$ 600,00 reais, o benef\u00edcio se encerraria em dezembro de 2021. Mas devido \u00e0 chegada da nova variante \u00d4micron, o programa social seguir\u00e1 por mais quatro meses.\u00a0<\/p>\n\n\n\n<p>O PAT beneficia mais de 23 mil maricaenses, sendo uma das medidas econ\u00f4micas sociais mais importantes do Brasil nesta pandemia da Covid-19.<\/p>\n","protected":false},"excerpt":{"rendered":"<p>O Programa de Amparo ao Trabalhador (PAT) ser\u00e1 prorrogado at\u00e9 abril de 2022.\u00a0 A informa\u00e7\u00e3o foi confirmada pelo prefeito Fabiano<\/p>\n","protected":false},"author":1,"featured_media":32062,"comment_status":"open","ping_status":"open","sticky":false,"template":"","format":"standard","meta":{"colormag_page_container_layout":"default_layout","colormag_page_sidebar_layout":"default_layout","footnotes":""},"categories":[17],"tags":[],"class_list":["post-32061","post","type-post","status-publish","format-standard","has-post-thumbnail","hentry","category-politica"],"amp_enabled":true,"_links":{"self":[{"href":"https:\/\/maricatotal.com.br\/site\/wp-json\/wp\/v2\/posts\/32061","targetHints":{"allow":["GET"]}}],"collection":[{"href":"https:\/\/maricatotal.com.br\/site\/wp-json\/wp\/v2\/posts"}],"about":[{"href":"https:\/\/maricatotal.com.br\/site\/wp-json\/wp\/v2\/types\/post"}],"author":[{"embeddable":true,"href":"https:\/\/maricatotal.com.br\/site\/wp-json\/wp\/v2\/users\/1"}],"replies":[{"embeddable":true,"href":"https:\/\/maricatotal.com.br\/site\/wp-json\/wp\/v2\/comments?post=32061"}],"version-history":[{"count":2,"href":"https:\/\/maricatotal.com.br\/site\/wp-json\/wp\/v2\/posts\/32061\/revisions"}],"predecessor-version":[{"id":32065,"href":"https:\/\/maricatotal.com.br\/site\/wp-json\/wp\/v2\/posts\/32061\/revisions\/32065"}],"wp:featuredmedia":[{"embeddable":true,"href":"https:\/\/maricatotal.com.br\/site\/wp-json\/wp\/v2\/media\/32062"}],"wp:attachment":[{"href":"https:\/\/maricatotal.com.br\/site\/wp-json\/wp\/v2\/media?parent=32061"}],"wp:term":[{"taxonomy":"category","embeddable":true,"href":"https:\/\/maricatotal.com.br\/site\/wp-json\/wp\/v2\/categories?post=32061"},{"taxonomy":"post_tag","embeddable":true,"href":"https:\/\/maricatotal.com.br\/site\/wp-json\/wp\/v2\/tags?post=32061"}],"curies":[{"name":"wp","href":"https:\/\/api.w.org\/{rel}","templated":true}]}}