{"id":32175,"date":"2022-01-08T16:40:15","date_gmt":"2022-01-08T19:40:15","guid":{"rendered":"https:\/\/maricatotal.com.br\/site\/?p=32175"},"modified":"2022-01-08T16:42:01","modified_gmt":"2022-01-08T19:42:01","slug":"falta-de-coleta-de-lixo-causa-transtornos-na-barra-de-marica","status":"publish","type":"post","link":"https:\/\/maricatotal.com.br\/site\/2022\/01\/08\/falta-de-coleta-de-lixo-causa-transtornos-na-barra-de-marica\/","title":{"rendered":"Falta de coleta de lixo causa transtornos na Barra de Maric\u00e1"},"content":{"rendered":"\n<p>A falta de coleta na Rua Theophilo Gomes da Costa com a Rua Assis Coelho da Silva, na Barra de Maric\u00e1, segue causando transtornos aos moradores&nbsp;<\/p>\n\n\n\n<p>Segundo informa\u00e7\u00f5es, com o atraso na coleta, os lixos est\u00e3o ficando empilhados na Pra\u00e7a da Divineia, causando mau odor e atraindo animais que frequentemente rasgam as sacolas e espalham os res\u00edduos por toda parte.<\/p>\n\n\n\n<p>Diversos bairros maricaenses est\u00e3o com a coleta de lixo atrasada desde o fim de 2021, gerando uma grande revolta na popula\u00e7\u00e3o.\u00a0<\/p>\n\n\n\n<p>Os moradores pedem urgentemente uma equipe para retirar os lixos do bairro.<\/p>\n","protected":false},"excerpt":{"rendered":"<p>A falta de coleta na Rua Theophilo Gomes da Costa com a Rua Assis Coelho da Silva, na Barra de<\/p>\n","protected":false},"author":1,"featured_media":32176,"comment_status":"open","ping_status":"open","sticky":false,"template":"","format":"standard","meta":{"colormag_page_container_layout":"default_layout","colormag_page_sidebar_layout":"default_layout","footnotes":""},"categories":[14],"tags":[],"class_list":["post-32175","post","type-post","status-publish","format-standard","has-post-thumbnail","hentry","category-bairros"],"amp_enabled":true,"_links":{"self":[{"href":"https:\/\/maricatotal.com.br\/site\/wp-json\/wp\/v2\/posts\/32175","targetHints":{"allow":["GET"]}}],"collection":[{"href":"https:\/\/maricatotal.com.br\/site\/wp-json\/wp\/v2\/posts"}],"about":[{"href":"https:\/\/maricatotal.com.br\/site\/wp-json\/wp\/v2\/types\/post"}],"author":[{"embeddable":true,"href":"https:\/\/maricatotal.com.br\/site\/wp-json\/wp\/v2\/users\/1"}],"replies":[{"embeddable":true,"href":"https:\/\/maricatotal.com.br\/site\/wp-json\/wp\/v2\/comments?post=32175"}],"version-history":[{"count":2,"href":"https:\/\/maricatotal.com.br\/site\/wp-json\/wp\/v2\/posts\/32175\/revisions"}],"predecessor-version":[{"id":32178,"href":"https:\/\/maricatotal.com.br\/site\/wp-json\/wp\/v2\/posts\/32175\/revisions\/32178"}],"wp:featuredmedia":[{"embeddable":true,"href":"https:\/\/maricatotal.com.br\/site\/wp-json\/wp\/v2\/media\/32176"}],"wp:attachment":[{"href":"https:\/\/maricatotal.com.br\/site\/wp-json\/wp\/v2\/media?parent=32175"}],"wp:term":[{"taxonomy":"category","embeddable":true,"href":"https:\/\/maricatotal.com.br\/site\/wp-json\/wp\/v2\/categories?post=32175"},{"taxonomy":"post_tag","embeddable":true,"href":"https:\/\/maricatotal.com.br\/site\/wp-json\/wp\/v2\/tags?post=32175"}],"curies":[{"name":"wp","href":"https:\/\/api.w.org\/{rel}","templated":true}]}}