{"id":32182,"date":"2022-01-09T11:47:35","date_gmt":"2022-01-09T14:47:35","guid":{"rendered":"https:\/\/maricatotal.com.br\/site\/?p=32182"},"modified":"2022-01-09T11:47:36","modified_gmt":"2022-01-09T14:47:36","slug":"alunos-participam-da-primeira-aula-do-projeto-guarda-vidas-por-um-dia-na-praia-da-barra-de-marica","status":"publish","type":"post","link":"https:\/\/maricatotal.com.br\/site\/2022\/01\/09\/alunos-participam-da-primeira-aula-do-projeto-guarda-vidas-por-um-dia-na-praia-da-barra-de-marica\/","title":{"rendered":"Alunos participam da primeira aula do Projeto Guarda-Vidas Por Um Dia na praia da Barra de Maric\u00e1"},"content":{"rendered":"\n<p>A Prefeitura de Maric\u00e1 deu in\u00edcio neste s\u00e1bado (08\/01) ao projeto Guarda-Vidas Por Um Dia,&nbsp; iniciativa da Secretaria de Prote\u00e7\u00e3o e Defesa Civil voltada para a capacita\u00e7\u00e3o preventiva de afogamento de jovens com idades entre 15 e 20 anos.<\/p>\n\n\n\n<p>Com o total de 47 inscritos, o projeto come\u00e7ou com o treinamento de seis alunos, que receberam instru\u00e7\u00f5es sobre t\u00e9cnicas de salvamento no mar e de primeiros socorros em situa\u00e7\u00f5es de afogamento na praia da Barra de Maric\u00e1.<\/p>\n\n\n\n<p><strong>Reconhecimento de riscos<\/strong><\/p>\n\n\n\n<p>Segundo o coordenador do projeto, Rodrigo Cooperman, os jovens que passarem pelo treinamento v\u00e3o ser capazes de reconhecer os riscos do mar de maneira mais apurada.<\/p>\n\n\n\n<p>\u201cO objetivo do curso \u00e9 que esses jovens saiam daqui com a mente aberta e, mesmo que n\u00e3o se tornem futuramente profissionais do setor, eles sejam multiplicadores do aprendizado a passem a ver o mar com outro foco, mais respeito e entendendo os riscos\u201d, explicou.<\/p>\n\n\n\n<p>Morador do bairro Boqueir\u00e3o, o jovem Alexandre Rodrigues, 17 anos, destacou a import\u00e2ncia do treinamento.<\/p>\n\n\n\n<p>\u201c\u00c9 melhor saber e n\u00e3o precisar usar as t\u00e9cnicas de salvamento do que precisar e n\u00e3o saber. Percebi depois do treinamento que n\u00e3o \u00e9 nada f\u00e1cil resgatar algu\u00e9m do mar como eu achava. Vim conhecer o trabalho dos guarda-vidas e gostei bastante das t\u00e9cnicas de salvamento\u201d, comentou.<\/p>\n\n\n\n<p>\u00danica menina entre os seis alunos, Agatha Mendon\u00e7a, 14 anos, ficou entusiasmada&nbsp; em participar do curso.<\/p>\n\n\n\n<p>\u201cEles nos ensinam bastante coisa, como analisar uma situa\u00e7\u00e3o de afogamento e verificar se \u00e9 poss\u00edvel realizar o resgate ou se \u00e9 preciso ajuda. Recomendo muito que todos fa\u00e7am o curso quando tiver de novo\u201d, indicou a adolescente de Itapeba.<\/p>\n\n\n\n<p><strong>Turmas reduzidas<\/strong><\/p>\n\n\n\n<p>Por conta da pandemia da Covid-19, a Secretaria de Prote\u00e7\u00e3o e Defesa Civil dividiu os participantes inscritos no projeto para garantir o aprendizado e a seguran\u00e7a de todos. Cada turma ter\u00e1 de cinco a sete participantes com aulas gratuitas aos s\u00e1bados na praia da Barra de Maric\u00e1, at\u00e9 o dia 19 de fevereiro.<\/p>\n","protected":false},"excerpt":{"rendered":"<p>A Prefeitura de Maric\u00e1 deu in\u00edcio neste s\u00e1bado (08\/01) ao projeto Guarda-Vidas Por Um Dia,&nbsp; iniciativa da Secretaria de Prote\u00e7\u00e3o<\/p>\n","protected":false},"author":1,"featured_media":32183,"comment_status":"open","ping_status":"open","sticky":false,"template":"","format":"standard","meta":{"colormag_page_container_layout":"default_layout","colormag_page_sidebar_layout":"default_layout","footnotes":""},"categories":[18],"tags":[],"class_list":["post-32182","post","type-post","status-publish","format-standard","has-post-thumbnail","hentry","category-entretenimento"],"amp_enabled":true,"_links":{"self":[{"href":"https:\/\/maricatotal.com.br\/site\/wp-json\/wp\/v2\/posts\/32182","targetHints":{"allow":["GET"]}}],"collection":[{"href":"https:\/\/maricatotal.com.br\/site\/wp-json\/wp\/v2\/posts"}],"about":[{"href":"https:\/\/maricatotal.com.br\/site\/wp-json\/wp\/v2\/types\/post"}],"author":[{"embeddable":true,"href":"https:\/\/maricatotal.com.br\/site\/wp-json\/wp\/v2\/users\/1"}],"replies":[{"embeddable":true,"href":"https:\/\/maricatotal.com.br\/site\/wp-json\/wp\/v2\/comments?post=32182"}],"version-history":[{"count":1,"href":"https:\/\/maricatotal.com.br\/site\/wp-json\/wp\/v2\/posts\/32182\/revisions"}],"predecessor-version":[{"id":32184,"href":"https:\/\/maricatotal.com.br\/site\/wp-json\/wp\/v2\/posts\/32182\/revisions\/32184"}],"wp:featuredmedia":[{"embeddable":true,"href":"https:\/\/maricatotal.com.br\/site\/wp-json\/wp\/v2\/media\/32183"}],"wp:attachment":[{"href":"https:\/\/maricatotal.com.br\/site\/wp-json\/wp\/v2\/media?parent=32182"}],"wp:term":[{"taxonomy":"category","embeddable":true,"href":"https:\/\/maricatotal.com.br\/site\/wp-json\/wp\/v2\/categories?post=32182"},{"taxonomy":"post_tag","embeddable":true,"href":"https:\/\/maricatotal.com.br\/site\/wp-json\/wp\/v2\/tags?post=32182"}],"curies":[{"name":"wp","href":"https:\/\/api.w.org\/{rel}","templated":true}]}}