{"id":32346,"date":"2022-01-12T15:17:45","date_gmt":"2022-01-12T18:17:45","guid":{"rendered":"https:\/\/maricatotal.com.br\/site\/?p=32346"},"modified":"2022-01-12T15:17:47","modified_gmt":"2022-01-12T18:17:47","slug":"marica-trinta-caes-e-gatos-estarao-para-adocao-no-domingo-16","status":"publish","type":"post","link":"https:\/\/maricatotal.com.br\/site\/2022\/01\/12\/marica-trinta-caes-e-gatos-estarao-para-adocao-no-domingo-16\/","title":{"rendered":"Maric\u00e1: Trinta c\u00e3es e gatos estar\u00e3o para ado\u00e7\u00e3o no domingo (16)"},"content":{"rendered":"\n<p>Abra o seu cora\u00e7\u00e3o \u2013 e a sua casa! Esse \u00e9 o desejo dos organizadores da campanha de ado\u00e7\u00e3o animal, a primeira deste ano, que vai acontecer no domingo (16\/01), entre 13h e 17h, no Shopping Boulevard Maric\u00e1, no Centro.Nesta edi\u00e7\u00e3o, 30 pets, entre c\u00e3es e gatos, adultos e filhotinhos, estar\u00e3o em busca de um lar, ap\u00f3s todos serem resgatados das ruas por protetores da cidade. A iniciativa \u00e9 da Coordenadoria Especial de Prote\u00e7\u00e3o Animal e ocorre sempre no terceiro domingo de cada m\u00eas.<\/p>\n\n\n\n<p><strong>Ado\u00e7\u00e3o \u00e9 coisa s\u00e9ria: precisa ser respons\u00e1vel<\/strong><\/p>\n\n\n\n<p>A campanha solicita toda uma documenta\u00e7\u00e3o aos interessados na ado\u00e7\u00e3o respons\u00e1vel. Eles devem ser maiores de 18 anos, apresentar c\u00f3pias dos documentos de identidade, CPF, al\u00e9m do comprovante de resid\u00eancia.Vale destacar que esta a\u00e7\u00e3o atende a todos os protocolos sanit\u00e1rios de enfrentamento \u00e0 pandemia da Covid-19, com distanciamento entre as pessoas, obrigatoriedade do uso de m\u00e1scaras e a oferta de \u00e1lcool em gel.<\/p>\n\n\n\n<p><strong>Servi\u00e7o: Campanha de ado\u00e7\u00e3o de animais<\/strong><\/p>\n\n\n\n<p>Data: 16\/01 (domingo)<br>Hor\u00e1rio: 13h \u00e0s 17h<br>Local: Shopping Boulevard Maric\u00e1 \u2013 Avenida Roberto Silveira, 93 \u2013 Centro<br>Exig\u00eancia para ado\u00e7\u00e3o: ser maior de 18 anos e apresentar c\u00f3pia da identidade, CPF e comprovante de resid\u00eancia<\/p>\n","protected":false},"excerpt":{"rendered":"<p>Abra o seu cora\u00e7\u00e3o \u2013 e a sua casa! Esse \u00e9 o desejo dos organizadores da campanha de ado\u00e7\u00e3o animal,<\/p>\n","protected":false},"author":1,"featured_media":32347,"comment_status":"open","ping_status":"open","sticky":false,"template":"","format":"standard","meta":{"colormag_page_container_layout":"default_layout","colormag_page_sidebar_layout":"default_layout","footnotes":""},"categories":[14,18],"tags":[],"class_list":["post-32346","post","type-post","status-publish","format-standard","has-post-thumbnail","hentry","category-bairros","category-entretenimento"],"amp_enabled":true,"_links":{"self":[{"href":"https:\/\/maricatotal.com.br\/site\/wp-json\/wp\/v2\/posts\/32346","targetHints":{"allow":["GET"]}}],"collection":[{"href":"https:\/\/maricatotal.com.br\/site\/wp-json\/wp\/v2\/posts"}],"about":[{"href":"https:\/\/maricatotal.com.br\/site\/wp-json\/wp\/v2\/types\/post"}],"author":[{"embeddable":true,"href":"https:\/\/maricatotal.com.br\/site\/wp-json\/wp\/v2\/users\/1"}],"replies":[{"embeddable":true,"href":"https:\/\/maricatotal.com.br\/site\/wp-json\/wp\/v2\/comments?post=32346"}],"version-history":[{"count":1,"href":"https:\/\/maricatotal.com.br\/site\/wp-json\/wp\/v2\/posts\/32346\/revisions"}],"predecessor-version":[{"id":32348,"href":"https:\/\/maricatotal.com.br\/site\/wp-json\/wp\/v2\/posts\/32346\/revisions\/32348"}],"wp:featuredmedia":[{"embeddable":true,"href":"https:\/\/maricatotal.com.br\/site\/wp-json\/wp\/v2\/media\/32347"}],"wp:attachment":[{"href":"https:\/\/maricatotal.com.br\/site\/wp-json\/wp\/v2\/media?parent=32346"}],"wp:term":[{"taxonomy":"category","embeddable":true,"href":"https:\/\/maricatotal.com.br\/site\/wp-json\/wp\/v2\/categories?post=32346"},{"taxonomy":"post_tag","embeddable":true,"href":"https:\/\/maricatotal.com.br\/site\/wp-json\/wp\/v2\/tags?post=32346"}],"curies":[{"name":"wp","href":"https:\/\/api.w.org\/{rel}","templated":true}]}}