{"id":32593,"date":"2022-01-18T14:29:06","date_gmt":"2022-01-18T17:29:06","guid":{"rendered":"https:\/\/maricatotal.com.br\/site\/?p=32593"},"modified":"2022-01-18T14:29:07","modified_gmt":"2022-01-18T17:29:07","slug":"denuncia-funcionarios-do-posto-de-saude-de-santa-paula-seguem-trabalhando-com-sintomas-de-covid","status":"publish","type":"post","link":"https:\/\/maricatotal.com.br\/site\/2022\/01\/18\/denuncia-funcionarios-do-posto-de-saude-de-santa-paula-seguem-trabalhando-com-sintomas-de-covid\/","title":{"rendered":"Den\u00fancia: Funcion\u00e1rios do Posto de Sa\u00fade de Santa Paula seguem trabalhando com sintomas de Covid"},"content":{"rendered":"\n<p>Profissionais da Unidade de Sa\u00fade da Fam\u00edlia (USF), de Santa Paula, em Maric\u00e1, seguem trabalhando com sintomas da Covid-19.<\/p>\n\n\n\n<p>Segundo den\u00fancias ao Site Maric\u00e1 Total, os funcion\u00e1rios n\u00e3o foram afastados pela falta de teste na unidade, mesmo apresentando os sintomas da doen\u00e7a.<\/p>\n\n\n\n<p>\u201cN\u00e3o est\u00e3o sendo afastados por falta de teste, colocando em risco pacientes e os colegas de trabalho.\u201d, relatou um profissional que n\u00e3o quis se identificar.<\/p>\n\n\n\n<p>A Secretaria de Sa\u00fade Municipal foi alertada sobre o grande risco, mas ainda n\u00e3o tomou nenhuma provid\u00eancia.<\/p>\n\n\n\n<p>Os casos de Covid-19 aumentaram drasticamente nas duas primeiras semanas de janeiro de 2022, causados principalmente pela nova variante \u00d4micron.<\/p>\n","protected":false},"excerpt":{"rendered":"<p>Profissionais da Unidade de Sa\u00fade da Fam\u00edlia (USF), de Santa Paula, em Maric\u00e1, seguem trabalhando com sintomas da Covid-19. Segundo<\/p>\n","protected":false},"author":1,"featured_media":32594,"comment_status":"open","ping_status":"open","sticky":false,"template":"","format":"standard","meta":{"colormag_page_container_layout":"default_layout","colormag_page_sidebar_layout":"default_layout","footnotes":""},"categories":[14],"tags":[],"class_list":["post-32593","post","type-post","status-publish","format-standard","has-post-thumbnail","hentry","category-bairros"],"amp_enabled":true,"_links":{"self":[{"href":"https:\/\/maricatotal.com.br\/site\/wp-json\/wp\/v2\/posts\/32593","targetHints":{"allow":["GET"]}}],"collection":[{"href":"https:\/\/maricatotal.com.br\/site\/wp-json\/wp\/v2\/posts"}],"about":[{"href":"https:\/\/maricatotal.com.br\/site\/wp-json\/wp\/v2\/types\/post"}],"author":[{"embeddable":true,"href":"https:\/\/maricatotal.com.br\/site\/wp-json\/wp\/v2\/users\/1"}],"replies":[{"embeddable":true,"href":"https:\/\/maricatotal.com.br\/site\/wp-json\/wp\/v2\/comments?post=32593"}],"version-history":[{"count":1,"href":"https:\/\/maricatotal.com.br\/site\/wp-json\/wp\/v2\/posts\/32593\/revisions"}],"predecessor-version":[{"id":32595,"href":"https:\/\/maricatotal.com.br\/site\/wp-json\/wp\/v2\/posts\/32593\/revisions\/32595"}],"wp:featuredmedia":[{"embeddable":true,"href":"https:\/\/maricatotal.com.br\/site\/wp-json\/wp\/v2\/media\/32594"}],"wp:attachment":[{"href":"https:\/\/maricatotal.com.br\/site\/wp-json\/wp\/v2\/media?parent=32593"}],"wp:term":[{"taxonomy":"category","embeddable":true,"href":"https:\/\/maricatotal.com.br\/site\/wp-json\/wp\/v2\/categories?post=32593"},{"taxonomy":"post_tag","embeddable":true,"href":"https:\/\/maricatotal.com.br\/site\/wp-json\/wp\/v2\/tags?post=32593"}],"curies":[{"name":"wp","href":"https:\/\/api.w.org\/{rel}","templated":true}]}}