{"id":32645,"date":"2022-01-20T07:14:13","date_gmt":"2022-01-20T10:14:13","guid":{"rendered":"https:\/\/maricatotal.com.br\/site\/?p=32645"},"modified":"2022-01-20T07:37:51","modified_gmt":"2022-01-20T10:37:51","slug":"covid-19-marica-registra-mais-15-mortes-e-confirma-2-999-casos-positivos-em-novo-boletim","status":"publish","type":"post","link":"https:\/\/maricatotal.com.br\/site\/2022\/01\/20\/covid-19-marica-registra-mais-15-mortes-e-confirma-2-999-casos-positivos-em-novo-boletim\/","title":{"rendered":"COVID-19: Maric\u00e1 registra mais 15 mortes e confirma 2.999 casos positivos em novo boletim"},"content":{"rendered":"\n<p>O munic\u00edpio de Maric\u00e1&nbsp;registrou mais 15 mortes pela Covid-19, segundo a Secretaria Municipal de Sa\u00fade, atrav\u00e9s do boletim epidemiol\u00f3gico divulgado na noite desta quarta-feira (19).<\/p>\n\n\n\n<p>Em apenas uma semana, a cidade registrou 2.999 casos positivos para a Covid-19, mostrando um crescimento dr\u00e1stico de infectados no in\u00edcio deste ano.<\/p>\n\n\n\n<p>A nova variante \u00d4micron \u00e9 a grande respons\u00e1vel pelo aumento de casos na cidade e em todo Brasil, mas devido a vacina, o n\u00famero de mortos e casos graves se manteve baixo.\u00a0<\/p>\n\n\n\n<p>A taxa de ocupa\u00e7\u00e3o dos leitos do Hospital Municipal Conde Modesto Leal, Che Guevara e UPA de Ino\u00e3 teve um grande aumento, chegando a 76,2%.<\/p>\n\n\n\n<p>A cidade segue com 12 \u00f3bitos em an\u00e1lise&nbsp;pela Secretaria de Estado de Sa\u00fade.<\/p>\n\n\n\n<p>O munic\u00edpio chegou a 90,7% da popula\u00e7\u00e3o com a vacina\u00e7\u00e3o completa contra o novo coronav\u00edrus, onde iniciada a vacina de crian\u00e7as com menos de 11 anos, neste momento priorizando os grupos de risco.<\/p>\n\n\n\n<p>Maric\u00e1 chegou a 22.434 casos confirmados. A cidade contabiliza 723 \u00f3bitos.<\/p>\n","protected":false},"excerpt":{"rendered":"<p>O munic\u00edpio de Maric\u00e1&nbsp;registrou mais 15 mortes pela Covid-19, segundo a Secretaria Municipal de Sa\u00fade, atrav\u00e9s do boletim epidemiol\u00f3gico divulgado<\/p>\n","protected":false},"author":1,"featured_media":32341,"comment_status":"open","ping_status":"open","sticky":false,"template":"","format":"standard","meta":{"colormag_page_container_layout":"default_layout","colormag_page_sidebar_layout":"default_layout","footnotes":""},"categories":[14],"tags":[],"class_list":["post-32645","post","type-post","status-publish","format-standard","has-post-thumbnail","hentry","category-bairros"],"amp_enabled":true,"_links":{"self":[{"href":"https:\/\/maricatotal.com.br\/site\/wp-json\/wp\/v2\/posts\/32645","targetHints":{"allow":["GET"]}}],"collection":[{"href":"https:\/\/maricatotal.com.br\/site\/wp-json\/wp\/v2\/posts"}],"about":[{"href":"https:\/\/maricatotal.com.br\/site\/wp-json\/wp\/v2\/types\/post"}],"author":[{"embeddable":true,"href":"https:\/\/maricatotal.com.br\/site\/wp-json\/wp\/v2\/users\/1"}],"replies":[{"embeddable":true,"href":"https:\/\/maricatotal.com.br\/site\/wp-json\/wp\/v2\/comments?post=32645"}],"version-history":[{"count":3,"href":"https:\/\/maricatotal.com.br\/site\/wp-json\/wp\/v2\/posts\/32645\/revisions"}],"predecessor-version":[{"id":32659,"href":"https:\/\/maricatotal.com.br\/site\/wp-json\/wp\/v2\/posts\/32645\/revisions\/32659"}],"wp:featuredmedia":[{"embeddable":true,"href":"https:\/\/maricatotal.com.br\/site\/wp-json\/wp\/v2\/media\/32341"}],"wp:attachment":[{"href":"https:\/\/maricatotal.com.br\/site\/wp-json\/wp\/v2\/media?parent=32645"}],"wp:term":[{"taxonomy":"category","embeddable":true,"href":"https:\/\/maricatotal.com.br\/site\/wp-json\/wp\/v2\/categories?post=32645"},{"taxonomy":"post_tag","embeddable":true,"href":"https:\/\/maricatotal.com.br\/site\/wp-json\/wp\/v2\/tags?post=32645"}],"curies":[{"name":"wp","href":"https:\/\/api.w.org\/{rel}","templated":true}]}}