{"id":32671,"date":"2022-01-20T12:01:23","date_gmt":"2022-01-20T15:01:23","guid":{"rendered":"https:\/\/maricatotal.com.br\/site\/?p=32671"},"modified":"2022-01-20T12:01:24","modified_gmt":"2022-01-20T15:01:24","slug":"marica-procon-rj-encontra-aumento-de-108-em-teste-de-covid","status":"publish","type":"post","link":"https:\/\/maricatotal.com.br\/site\/2022\/01\/20\/marica-procon-rj-encontra-aumento-de-108-em-teste-de-covid\/","title":{"rendered":"Maric\u00e1: Procon-RJ encontra aumento de 108% em teste de covid"},"content":{"rendered":"\n<p>Nesta quarta-feira (19\/01), o Procon Estadual do Rio de Janeiro deu continuidade ao trabalho de investiga\u00e7\u00e3o sobre o poss\u00edvel aumento abusivo de pre\u00e7os dos testes de covid e influenza. No in\u00edcio da semana, os principais laborat\u00f3rios foram notificados e, desta vez, ao todo 19 farm\u00e1cias e laborat\u00f3rios foram alvo da fiscaliza\u00e7\u00e3o. A a\u00e7\u00e3o aconteceu nos munic\u00edpios do Rio, S\u00e3o Gon\u00e7alo, Niter\u00f3i e Maric\u00e1. Os agentes tamb\u00e9m est\u00e3o averiguando poss\u00edveis viola\u00e7\u00f5es aos direitos dos consumidores.<\/p>\n\n\n\n<p>O Procon-RJ questionou quanto aos prazos informados aos consumidores no momento da realiza\u00e7\u00e3o do exame, se os mesmos est\u00e3o sendo cumpridos e o que estes fornecedores est\u00e3o fazendo para atender a alta demanda de maneira satisfat\u00f3ria aos clientes. A autarquia solicitou ainda a comprova\u00e7\u00e3o documental dos pre\u00e7os que est\u00e3o sendo praticados desde outubro de 2021 at\u00e9 a presente data para apurar um poss\u00edvel aumento abusivo de pre\u00e7o.<\/p>\n\n\n\n<p>Durante a a\u00e7\u00e3o, os fiscais identificaram aumento de at\u00e9 108% no teste de detec\u00e7\u00e3o de covid em um laborat\u00f3rio drive thru localizado no Shopping Downtown. O teste PCR que custava R$230,00, a partir de 15 de janeiro passou para R$480,00. J\u00e1 o teste nasal, de R$150,00 aumentou para R$220,00.<\/p>\n\n\n\n<p>A eleva\u00e7\u00e3o de pre\u00e7os identificada em farm\u00e1cias foi menor. Um estabelecimento situado no Recreio dos Bandeirantes cobrava R$89,00 pelo teste nasal para detec\u00e7\u00e3o de covid e passou para R$109.00. As farm\u00e1cias e os laborat\u00f3rios que n\u00e3o comprovaram os pre\u00e7os praticados ter\u00e3o 10 dias para apresentar as informa\u00e7\u00f5es ao Procon-RJ.<\/p>\n\n\n\n<p>\u201cAntes de fazer o exame, \u00e9 importante realizar uma pesquisa de pre\u00e7os. O mesmo exame, realizado em diferentes locais, pode custar o dobro do valor\u201d, observou o presidente do Procon-RJ, C\u00e1ssio Coelho.<\/p>\n\n\n\n<p>Em rela\u00e7\u00e3o ao aumento do pre\u00e7o cobrado pelos testes, C\u00e1ssio explica que caso a farm\u00e1cia ou laborat\u00f3rio tenha elevado o valor e n\u00e3o consiga justificar, se demonstrado que o aumento foi em virtude do crescimento da demanda gerada pela eleva\u00e7\u00e3o do cont\u00e1gio da \u00f4micron e desespero dos consumidores, o estabelecimento ser\u00e1 sancionado.<\/p>\n\n\n\n<p>Duas farm\u00e1cias n\u00e3o possu\u00edam farmac\u00eauticos respons\u00e1veis t\u00e9cnicos e dois laborat\u00f3rios n\u00e3o tinham respons\u00e1veis t\u00e9cnicos no momento que aconteceu a fiscaliza\u00e7\u00e3o. Publicidade que pode induzir o consumidor em erro, pre\u00e7o na g\u00f4ndola diferente do que \u00e9 cobrado no caixa e aus\u00eancia de valor em determinados produtos foram outras irregularidades encontradas pelos fiscais.<\/p>\n\n\n\n<p>Unidades das drogarias Ven\u00e2ncio, Raia, Pacheco, Tamoio, Farma Hall, Farmelhor, Pre\u00e7o Popular e Pague Menos, e unidades dos laborat\u00f3rios Villela Pedras, Alta Excel\u00eancia e Infinity Care foram vistoriadas durante a opera\u00e7\u00e3o.<\/p>\n","protected":false},"excerpt":{"rendered":"<p>Nesta quarta-feira (19\/01), o Procon Estadual do Rio de Janeiro deu continuidade ao trabalho de investiga\u00e7\u00e3o sobre o poss\u00edvel aumento<\/p>\n","protected":false},"author":1,"featured_media":32672,"comment_status":"open","ping_status":"open","sticky":false,"template":"","format":"standard","meta":{"colormag_page_container_layout":"default_layout","colormag_page_sidebar_layout":"default_layout","footnotes":""},"categories":[17],"tags":[],"class_list":["post-32671","post","type-post","status-publish","format-standard","has-post-thumbnail","hentry","category-politica"],"amp_enabled":true,"_links":{"self":[{"href":"https:\/\/maricatotal.com.br\/site\/wp-json\/wp\/v2\/posts\/32671","targetHints":{"allow":["GET"]}}],"collection":[{"href":"https:\/\/maricatotal.com.br\/site\/wp-json\/wp\/v2\/posts"}],"about":[{"href":"https:\/\/maricatotal.com.br\/site\/wp-json\/wp\/v2\/types\/post"}],"author":[{"embeddable":true,"href":"https:\/\/maricatotal.com.br\/site\/wp-json\/wp\/v2\/users\/1"}],"replies":[{"embeddable":true,"href":"https:\/\/maricatotal.com.br\/site\/wp-json\/wp\/v2\/comments?post=32671"}],"version-history":[{"count":1,"href":"https:\/\/maricatotal.com.br\/site\/wp-json\/wp\/v2\/posts\/32671\/revisions"}],"predecessor-version":[{"id":32673,"href":"https:\/\/maricatotal.com.br\/site\/wp-json\/wp\/v2\/posts\/32671\/revisions\/32673"}],"wp:featuredmedia":[{"embeddable":true,"href":"https:\/\/maricatotal.com.br\/site\/wp-json\/wp\/v2\/media\/32672"}],"wp:attachment":[{"href":"https:\/\/maricatotal.com.br\/site\/wp-json\/wp\/v2\/media?parent=32671"}],"wp:term":[{"taxonomy":"category","embeddable":true,"href":"https:\/\/maricatotal.com.br\/site\/wp-json\/wp\/v2\/categories?post=32671"},{"taxonomy":"post_tag","embeddable":true,"href":"https:\/\/maricatotal.com.br\/site\/wp-json\/wp\/v2\/tags?post=32671"}],"curies":[{"name":"wp","href":"https:\/\/api.w.org\/{rel}","templated":true}]}}