{"id":32681,"date":"2022-01-20T15:15:17","date_gmt":"2022-01-20T18:15:17","guid":{"rendered":"https:\/\/maricatotal.com.br\/site\/?p=32681"},"modified":"2022-01-20T15:15:18","modified_gmt":"2022-01-20T18:15:18","slug":"marica-prefeitura-recadastra-protetores-de-animais","status":"publish","type":"post","link":"https:\/\/maricatotal.com.br\/site\/2022\/01\/20\/marica-prefeitura-recadastra-protetores-de-animais\/","title":{"rendered":"Maric\u00e1: Prefeitura recadastra protetores de animais"},"content":{"rendered":"\n<p>A Prefeitura de Maric\u00e1 est\u00e1 recadastrando, at\u00e9 o dia 31\/01, 205 protetores de animais que atuam na cidade para tra\u00e7ar um perfil detalhado dessa rede de apoio, e agilizar a\u00e7\u00f5es da Coordenadoria de Prote\u00e7\u00e3o Animal, como castra\u00e7\u00e3o, vacina\u00e7\u00e3o e campanhas de ado\u00e7\u00e3o de c\u00e3es e gatos.<\/p>\n\n\n\n<p>Em raz\u00e3o do avan\u00e7o da Covid-19, o processo \u00e9 feito por meio do WhatsApp&nbsp;<a href=\"tel:(21) 99546-0334\">(21) 99546-0334<\/a>. Cada protetor que solicitar o recadastramento receber\u00e1 um question\u00e1rio e ter\u00e1 seu cadastro efetivado logo que enviar as respostas e passar por uma avalia\u00e7\u00e3o.<\/p>\n\n\n\n<p>O coordenador Fabiano Novais diz que cadastro importante tamb\u00e9m para balizar projetos da Prefeitura e a elabora\u00e7\u00e3o de pol\u00edticas p\u00fablicas para melhor qualidade de vida dos animais que vivem sob os cuidados dos protetores.<\/p>\n\n\n\n<p>\u201cNosso objetivo \u00e9 atualizar as informa\u00e7\u00f5es de quantos protetores continuam atuantes e tamb\u00e9m saber a quantidade de animais sob seus cuidados, se s\u00e3o felinos e caninos, machos ou f\u00eameas. Vamos apurar ainda quantos j\u00e1 est\u00e3o castrados e ainda faltam castrar. Importante saber quais protetores fazem a\u00e7\u00e3o de resgate de animais, oferecem lar tempor\u00e1rio e colocam para ado\u00e7\u00e3o. Alguns atuam ainda cuidando dos animais de rua, sejam eles felinos em col\u00f4nias ou c\u00e3es comunit\u00e1rios\u201d, afirmou.<\/p>\n\n\n\n<p><strong>Vacina\u00e7\u00e3o e castra\u00e7\u00e3o de animais<\/strong><\/p>\n\n\n\n<p>Com as informa\u00e7\u00f5es, a Coordenadoria de Prote\u00e7\u00e3o Animal ir\u00e1 garantir vacinas antirr\u00e1bicas para estes animais em parceria com a Coordenadoria de Vigil\u00e2ncia Ambiental em Sa\u00fade, priorizar as castra\u00e7\u00f5es daqueles que ainda n\u00e3o passaram pelo procedimento e estimular a participa\u00e7\u00e3o dos protetores nas campanhas de ado\u00e7\u00e3o.<\/p>\n\n\n\n<p>Todos os protetores receber\u00e3o a visita da coordenadoria para confirmar as informa\u00e7\u00f5es e efetuar as vacinas antirr\u00e1bicas. Os cadastros novos ser\u00e3o avaliados antes de serem efetivados como protetores. As vacinas domiciliares somente ser\u00e3o garantidas aos recadastrados, sendo que os novos cadastros ser\u00e3o inclu\u00eddos no pr\u00f3ximo programa de vacina\u00e7\u00e3o.<\/p>\n","protected":false},"excerpt":{"rendered":"<p>A Prefeitura de Maric\u00e1 est\u00e1 recadastrando, at\u00e9 o dia 31\/01, 205 protetores de animais que atuam na cidade para tra\u00e7ar<\/p>\n","protected":false},"author":1,"featured_media":32682,"comment_status":"open","ping_status":"open","sticky":false,"template":"","format":"standard","meta":{"colormag_page_container_layout":"default_layout","colormag_page_sidebar_layout":"default_layout","footnotes":""},"categories":[14],"tags":[],"class_list":["post-32681","post","type-post","status-publish","format-standard","has-post-thumbnail","hentry","category-bairros"],"amp_enabled":true,"_links":{"self":[{"href":"https:\/\/maricatotal.com.br\/site\/wp-json\/wp\/v2\/posts\/32681","targetHints":{"allow":["GET"]}}],"collection":[{"href":"https:\/\/maricatotal.com.br\/site\/wp-json\/wp\/v2\/posts"}],"about":[{"href":"https:\/\/maricatotal.com.br\/site\/wp-json\/wp\/v2\/types\/post"}],"author":[{"embeddable":true,"href":"https:\/\/maricatotal.com.br\/site\/wp-json\/wp\/v2\/users\/1"}],"replies":[{"embeddable":true,"href":"https:\/\/maricatotal.com.br\/site\/wp-json\/wp\/v2\/comments?post=32681"}],"version-history":[{"count":1,"href":"https:\/\/maricatotal.com.br\/site\/wp-json\/wp\/v2\/posts\/32681\/revisions"}],"predecessor-version":[{"id":32683,"href":"https:\/\/maricatotal.com.br\/site\/wp-json\/wp\/v2\/posts\/32681\/revisions\/32683"}],"wp:featuredmedia":[{"embeddable":true,"href":"https:\/\/maricatotal.com.br\/site\/wp-json\/wp\/v2\/media\/32682"}],"wp:attachment":[{"href":"https:\/\/maricatotal.com.br\/site\/wp-json\/wp\/v2\/media?parent=32681"}],"wp:term":[{"taxonomy":"category","embeddable":true,"href":"https:\/\/maricatotal.com.br\/site\/wp-json\/wp\/v2\/categories?post=32681"},{"taxonomy":"post_tag","embeddable":true,"href":"https:\/\/maricatotal.com.br\/site\/wp-json\/wp\/v2\/tags?post=32681"}],"curies":[{"name":"wp","href":"https:\/\/api.w.org\/{rel}","templated":true}]}}