{"id":32689,"date":"2022-01-20T19:36:13","date_gmt":"2022-01-20T22:36:13","guid":{"rendered":"https:\/\/maricatotal.com.br\/site\/?p=32689"},"modified":"2022-01-20T19:36:15","modified_gmt":"2022-01-20T22:36:15","slug":"prefeitura-abre-agendamento-online-para-testes-de-covid","status":"publish","type":"post","link":"https:\/\/maricatotal.com.br\/site\/2022\/01\/20\/prefeitura-abre-agendamento-online-para-testes-de-covid\/","title":{"rendered":"Prefeitura abre agendamento online para testes de Covid"},"content":{"rendered":"\n<p>A Prefeitura de Maric\u00e1 abriu agendamento online para testes de Covid-19 nas Unidades de Sa\u00fade da Fam\u00edlia (USF) de Maric\u00e1. A testagem nesses locais \u00e9 indicada para pessoas com sintomas leves no in\u00edcio da doen\u00e7a, entre tr\u00eas e sete dias, e ser\u00e3o realizadas de acordo com a capacidade di\u00e1ria de cada unidade. Devido \u00e0 alta demanda, a Secretaria de Sa\u00fade de Maric\u00e1 vai reabrir nesta sexta-feira (21\/01), excepcionalmente \u00e0s 9h30, o polo exclusivo para atendimento de casos suspeitos da doen\u00e7a no bairro Itaipua\u00e7u. A tenda funcionar\u00e1 todos os dias das 8h \u00e0s 20h.<\/p>\n\n\n\n<p>A secret\u00e1ria municipal de Sa\u00fade, Solange Oliveira, explicou que a iniciativa visa evitar filas e aglomera\u00e7\u00f5es nas unidades de sa\u00fade do munic\u00edpio.<\/p>\n\n\n\n<p>\u201cVamos organizar as demandas por testes de acordo com a capacidade di\u00e1ria de cada unidade e com isso garantir um atendimento com mais qualidade e conforto para a nossa popula\u00e7\u00e3o\u201d, afirmou.<\/p>\n\n\n\n<p>Quem testar positivo para Covid-19 precisa fazer o isolamento por sete dias a partir do primeiro dia de sintomas, desde que n\u00e3o tenha tido febre nas \u00faltimas 24h sem uso de antit\u00e9rmicos.<\/p>\n\n\n\n<p><strong>Agendamento online<\/strong><\/p>\n\n\n\n<p>Para marcar o exame, os interessados devem acessar o link&nbsp;<a href=\"http:\/\/bit.ly\/testecovidmarica\">bit.ly\/testecovidmarica<\/a>, inserir nome completo, CPF, data de nascimento e e-mail. O paciente dever\u00e1 informar os sintomas e escolher a sua unidade de Sa\u00fade da Fam\u00edlia de refer\u00eancia para a testagem (mais pr\u00f3ximo da sua resid\u00eancia) e o hor\u00e1rio de atendimento no per\u00edodo da manh\u00e3 (a partir das 9h) ou tarde (a partir das 14h).<\/p>\n\n\n\n<p>No fim do agendamento, o sistema emitir\u00e1 um protocolo, que dever\u00e1 ser anotado pelo paciente, que tamb\u00e9m poder\u00e1 fotografar a tela. No dia agendado, ser\u00e1 necess\u00e1rio apresentar um documento oficial com foto e comprovante de resid\u00eancia. A marca\u00e7\u00e3o \u00e9 pessoal e intransfer\u00edvel.<\/p>\n\n\n\n<p><strong>Quem n\u00e3o pode agendar<\/strong><\/p>\n\n\n\n<p>As pessoas com sintomas moderados a graves, como febre acima de 37,5 e dificuldade respirat\u00f3ria, devem procurar atendimento diretamente nas unidades de urg\u00eancia e emerg\u00eancia \u2013 hospitais Conde Modesto Leal ou da UPA de Ino\u00e3.<\/p>\n\n\n\n<p><strong>Amplia\u00e7\u00e3o dos Polos&nbsp;<\/strong><\/p>\n\n\n\n<p>Em virtude da alta demanda de pacientes com Covid-19, a Secretaria de Sa\u00fade de Maric\u00e1 vai reabrir nesta sexta-feira (21\/01) o polo exclusivo para atendimento de casos suspeitos da doen\u00e7a no bairro Itaipua\u00e7u. O polo funcionar\u00e1 em espa\u00e7o anexo da Subprefeitura no endere\u00e7o: Rua Van Lerbergue, 249, todos os dias, inclusive nos fins de semana, das 8h \u00e0s 20h, com acolhimento at\u00e9 as 19h30.<\/p>\n\n\n\n<p>J\u00e1 os Polos de Atendimento \u00e0 Covid-19 do Centro e o anexo \u00e0 UPA Ino\u00e3 passaram por reestrutura\u00e7\u00e3o. As tendas do Centro foram ampliadas e o local ganhou refor\u00e7o de profissionais de sa\u00fade. As equipes de Ino\u00e3 tamb\u00e9m foram refor\u00e7adas. As duas unidades funcionam diariamente, das 8h \u00e0s 20h, com acolhimento at\u00e9 as 19h30.<\/p>\n\n\n\n<p>A secret\u00e1ria municipal de Sa\u00fade, Solange Oliveira, explicou que o agendamento visa evitar filas e aglomera\u00e7\u00f5es nas unidades de sa\u00fade do munic\u00edpio.<\/p>\n\n\n\n<p>\u201cAl\u00e9m de oferecer uma testagem nos dias corretos de sintomas, dentro dos cr\u00edterios cl\u00ednicos, vamos organizar as demandas por testes de acordo com a capacidade di\u00e1ria de cada unidade e com isso garantir um atendimento com mais qualidade e conforto para a nossa popula\u00e7\u00e3o\u201d, afirmou.<\/p>\n\n\n\n<p>Os polos seguem realizando o teste RT-PCR, chamado padr\u00e3o ouro dos exames para Sars-Cov-2, que s\u00e3o feitos entre o 3\u00ba e 7\u00ba dia de sintomas. O resultado do teste \u00e9 enviado pelo celular, por meio do whatsapp.<\/p>\n\n\n\n<p><strong>Medidas de preven\u00e7\u00e3o<\/strong><\/p>\n\n\n\n<p>As medidas de preven\u00e7\u00e3o ao v\u00edrus, como uso de m\u00e1scaras, lavagem das m\u00e3os, uso de \u00e1lcool gel e evitar aglomera\u00e7\u00f5es, devem continuar sendo seguidas. Da mesma forma, \u00e9 importante que o calend\u00e1rio vacinal seja observado com aten\u00e7\u00e3o. Quem ainda n\u00e3o recebeu a segunda dose deve procurar um posto de sa\u00fade o mais r\u00e1pido poss\u00edvel, assim como as pessoas com mais de 4 meses da conclus\u00e3o do esquema vacinal que j\u00e1 podem receber a dose de refor\u00e7o.<\/p>\n\n\n\n<p><strong>Confira as unidades dispon\u00edveis para testagem<\/strong><\/p>\n\n\n\n<p>USF Mumbuca- Rua Hip\u00f3lito de Abreu Rangel, s\/n.<\/p>\n\n\n\n<p>USF Recanto- Rua Domingos M\u00f4nica Barbosa, s\/n.<\/p>\n\n\n\n<p>USF Retiro- Estrada do Retiro, s\/n.<\/p>\n\n\n\n<p>USF S\u00e3o Jos\u00e9 2- Estrada da Cachoeira, s\/n.<\/p>\n\n\n\n<p>USF Espraiado- Rua Gualberto Batista de Macedo, s\/n.<\/p>\n\n\n\n<p>USF Guaratiba- Estrada Beira da Lagoa, s\/n.<\/p>\n\n\n\n<p>USF Santa Paula- Estrada de Cassorotiba, s\/n.<\/p>\n\n\n\n<p>USF Ino\u00e3 1- Rua Caio Figueiredo, s\/n.(Travessa CIEP)<\/p>\n\n\n\n<p>USF Carlos Alberto Soares de Freitas (MCMV Ino\u00e3) \u2013 Rua Leonardo Jos\u00e9 Antunes, s\/n.<\/p>\n\n\n\n<p>USF Carlos Marighella (MCMV Itaipua\u00e7u)- Rua Austria, s\/n.<\/p>\n\n\n\n<p>USF Marinel\u00e2ndia- Rua 9, quadra 15, s\/n, Cordeirinho.<\/p>\n","protected":false},"excerpt":{"rendered":"<p>A Prefeitura de Maric\u00e1 abriu agendamento online para testes de Covid-19 nas Unidades de Sa\u00fade da Fam\u00edlia (USF) de Maric\u00e1.<\/p>\n","protected":false},"author":1,"featured_media":32690,"comment_status":"open","ping_status":"open","sticky":false,"template":"","format":"standard","meta":{"colormag_page_container_layout":"default_layout","colormag_page_sidebar_layout":"default_layout","footnotes":""},"categories":[17],"tags":[],"class_list":["post-32689","post","type-post","status-publish","format-standard","has-post-thumbnail","hentry","category-politica"],"amp_enabled":true,"_links":{"self":[{"href":"https:\/\/maricatotal.com.br\/site\/wp-json\/wp\/v2\/posts\/32689","targetHints":{"allow":["GET"]}}],"collection":[{"href":"https:\/\/maricatotal.com.br\/site\/wp-json\/wp\/v2\/posts"}],"about":[{"href":"https:\/\/maricatotal.com.br\/site\/wp-json\/wp\/v2\/types\/post"}],"author":[{"embeddable":true,"href":"https:\/\/maricatotal.com.br\/site\/wp-json\/wp\/v2\/users\/1"}],"replies":[{"embeddable":true,"href":"https:\/\/maricatotal.com.br\/site\/wp-json\/wp\/v2\/comments?post=32689"}],"version-history":[{"count":1,"href":"https:\/\/maricatotal.com.br\/site\/wp-json\/wp\/v2\/posts\/32689\/revisions"}],"predecessor-version":[{"id":32691,"href":"https:\/\/maricatotal.com.br\/site\/wp-json\/wp\/v2\/posts\/32689\/revisions\/32691"}],"wp:featuredmedia":[{"embeddable":true,"href":"https:\/\/maricatotal.com.br\/site\/wp-json\/wp\/v2\/media\/32690"}],"wp:attachment":[{"href":"https:\/\/maricatotal.com.br\/site\/wp-json\/wp\/v2\/media?parent=32689"}],"wp:term":[{"taxonomy":"category","embeddable":true,"href":"https:\/\/maricatotal.com.br\/site\/wp-json\/wp\/v2\/categories?post=32689"},{"taxonomy":"post_tag","embeddable":true,"href":"https:\/\/maricatotal.com.br\/site\/wp-json\/wp\/v2\/tags?post=32689"}],"curies":[{"name":"wp","href":"https:\/\/api.w.org\/{rel}","templated":true}]}}