{"id":32754,"date":"2022-01-22T14:51:40","date_gmt":"2022-01-22T17:51:40","guid":{"rendered":"https:\/\/maricatotal.com.br\/site\/?p=32754"},"modified":"2022-01-22T14:52:14","modified_gmt":"2022-01-22T17:52:14","slug":"jovem-envolvido-em-homicidio-e-apreendido-em-marica","status":"publish","type":"post","link":"https:\/\/maricatotal.com.br\/site\/2022\/01\/22\/jovem-envolvido-em-homicidio-e-apreendido-em-marica\/","title":{"rendered":"Jovem envolvido em homic\u00eddio \u00e9 apreendido em Maric\u00e1"},"content":{"rendered":"\n<p>Policiais civis da 82\u00aa DP (Maric\u00e1) apreenderam, nesta segunda-feira (17), um adolescente de 17 anos que participou de um homic\u00eddio, no munic\u00edpio de Maric\u00e1.<\/p>\n\n\n\n<p>As investiga\u00e7\u00f5es revelaram que o adolescente e outras duas pessoas maiores de idade agrediram um mec\u00e2nico. Ao final, o menor golpeou a v\u00edtima quatro vezes na cabe\u00e7a, resultando no seu falecimento. O corpo dele foi, depois, arremessado em um Rio.<\/p>\n\n\n\n<p>Os demais autores j\u00e1 foram identificados e s\u00e3o procurados.<\/p>\n","protected":false},"excerpt":{"rendered":"<p>Policiais civis da 82\u00aa DP (Maric\u00e1) apreenderam, nesta segunda-feira (17), um adolescente de 17 anos que participou de um homic\u00eddio,<\/p>\n","protected":false},"author":1,"featured_media":31607,"comment_status":"open","ping_status":"open","sticky":false,"template":"","format":"standard","meta":{"colormag_page_container_layout":"default_layout","colormag_page_sidebar_layout":"default_layout","footnotes":""},"categories":[1],"tags":[],"class_list":["post-32754","post","type-post","status-publish","format-standard","has-post-thumbnail","hentry","category-noticias"],"amp_enabled":true,"_links":{"self":[{"href":"https:\/\/maricatotal.com.br\/site\/wp-json\/wp\/v2\/posts\/32754","targetHints":{"allow":["GET"]}}],"collection":[{"href":"https:\/\/maricatotal.com.br\/site\/wp-json\/wp\/v2\/posts"}],"about":[{"href":"https:\/\/maricatotal.com.br\/site\/wp-json\/wp\/v2\/types\/post"}],"author":[{"embeddable":true,"href":"https:\/\/maricatotal.com.br\/site\/wp-json\/wp\/v2\/users\/1"}],"replies":[{"embeddable":true,"href":"https:\/\/maricatotal.com.br\/site\/wp-json\/wp\/v2\/comments?post=32754"}],"version-history":[{"count":2,"href":"https:\/\/maricatotal.com.br\/site\/wp-json\/wp\/v2\/posts\/32754\/revisions"}],"predecessor-version":[{"id":32756,"href":"https:\/\/maricatotal.com.br\/site\/wp-json\/wp\/v2\/posts\/32754\/revisions\/32756"}],"wp:featuredmedia":[{"embeddable":true,"href":"https:\/\/maricatotal.com.br\/site\/wp-json\/wp\/v2\/media\/31607"}],"wp:attachment":[{"href":"https:\/\/maricatotal.com.br\/site\/wp-json\/wp\/v2\/media?parent=32754"}],"wp:term":[{"taxonomy":"category","embeddable":true,"href":"https:\/\/maricatotal.com.br\/site\/wp-json\/wp\/v2\/categories?post=32754"},{"taxonomy":"post_tag","embeddable":true,"href":"https:\/\/maricatotal.com.br\/site\/wp-json\/wp\/v2\/tags?post=32754"}],"curies":[{"name":"wp","href":"https:\/\/api.w.org\/{rel}","templated":true}]}}