{"id":3312,"date":"2019-09-13T09:42:10","date_gmt":"2019-09-13T12:42:10","guid":{"rendered":"http:\/\/maricatotal.com.br\/site\/?p=3312"},"modified":"2019-09-13T09:42:12","modified_gmt":"2019-09-13T12:42:12","slug":"banda-carta-um-e-a-atracao-da-lona-cultural-da-barra","status":"publish","type":"post","link":"https:\/\/maricatotal.com.br\/site\/2019\/09\/13\/banda-carta-um-e-a-atracao-da-lona-cultural-da-barra\/","title":{"rendered":"BANDA CARTA UM \u00c9 A ATRA\u00c7\u00c3O DA LONA CULTURAL DA BARRA"},"content":{"rendered":"\n<figure class=\"wp-block-image\"><img loading=\"lazy\" decoding=\"async\" width=\"886\" height=\"886\" src=\"http:\/\/maricatotal.com.br\/site\/wp-content\/uploads\/2019\/09\/F88E24A4-6387-46C3-AEC5-20BCC7D5F713.jpeg\" alt=\"\" class=\"wp-image-3313\" srcset=\"https:\/\/maricatotal.com.br\/site\/wp-content\/uploads\/2019\/09\/F88E24A4-6387-46C3-AEC5-20BCC7D5F713.jpeg 886w, https:\/\/maricatotal.com.br\/site\/wp-content\/uploads\/2019\/09\/F88E24A4-6387-46C3-AEC5-20BCC7D5F713-150x150.jpeg 150w, https:\/\/maricatotal.com.br\/site\/wp-content\/uploads\/2019\/09\/F88E24A4-6387-46C3-AEC5-20BCC7D5F713-300x300.jpeg 300w, https:\/\/maricatotal.com.br\/site\/wp-content\/uploads\/2019\/09\/F88E24A4-6387-46C3-AEC5-20BCC7D5F713-768x768.jpeg 768w, https:\/\/maricatotal.com.br\/site\/wp-content\/uploads\/2019\/09\/F88E24A4-6387-46C3-AEC5-20BCC7D5F713-400x400.jpeg 400w, https:\/\/maricatotal.com.br\/site\/wp-content\/uploads\/2019\/09\/F88E24A4-6387-46C3-AEC5-20BCC7D5F713-500x500.jpeg 500w\" sizes=\"auto, (max-width: 886px) 100vw, 886px\" \/><\/figure>\n\n\n\n<p>A Lona Cultural Marielle Franco, na Barra de Maric\u00e1, vai estremecer com a apresenta\u00e7\u00e3o da banda Carta Um neste domingo (15\/09), a partir das 18h, tocando cl\u00e1ssicos do rock nacional e internacional.<\/p>\n\n\n\n<p>Formada em 2006 e rebatizada em 2014, Carta Um \u00e9 composta por Maria Alves no vocal, Daniel Barroso na guitarra e no backing vocal, Leandro Guerra na bateria e Leandro Costa no baixo e tamb\u00e9m backing vocal.<\/p>\n\n\n\n<p>Al\u00e9m dos cl\u00e1ssicos do rock, a Carta Um interpreta ainda composi\u00e7\u00f5es pr\u00f3prias, \u201cque abordam situa\u00e7\u00f5es pessoais e do cotidiano\u201d, explica Leandro Costa.<\/p>\n\n\n\n<p><strong>Servi\u00e7o<\/strong><\/p>\n\n\n\n<p>Lona Cultural Marielle Franco<br>Banda Carta Um<br>Domingo (15\/09), \u00e0s 18h<br>Evento gratuito \/ Classifica\u00e7\u00e3o 12 anos<br>O endere\u00e7o da lona \u00e9 Rua 13, esquina com Avenida Jo\u00e3o Saldanha \u2013 Barra de Maric\u00e1<\/p>\n","protected":false},"excerpt":{"rendered":"<p>A Lona Cultural Marielle Franco, na Barra de Maric\u00e1, vai estremecer com a apresenta\u00e7\u00e3o da banda Carta Um neste domingo<\/p>\n","protected":false},"author":1,"featured_media":0,"comment_status":"open","ping_status":"open","sticky":false,"template":"","format":"standard","meta":{"colormag_page_container_layout":"default_layout","colormag_page_sidebar_layout":"default_layout","footnotes":""},"categories":[18],"tags":[],"class_list":["post-3312","post","type-post","status-publish","format-standard","hentry","category-entretenimento"],"amp_enabled":true,"_links":{"self":[{"href":"https:\/\/maricatotal.com.br\/site\/wp-json\/wp\/v2\/posts\/3312","targetHints":{"allow":["GET"]}}],"collection":[{"href":"https:\/\/maricatotal.com.br\/site\/wp-json\/wp\/v2\/posts"}],"about":[{"href":"https:\/\/maricatotal.com.br\/site\/wp-json\/wp\/v2\/types\/post"}],"author":[{"embeddable":true,"href":"https:\/\/maricatotal.com.br\/site\/wp-json\/wp\/v2\/users\/1"}],"replies":[{"embeddable":true,"href":"https:\/\/maricatotal.com.br\/site\/wp-json\/wp\/v2\/comments?post=3312"}],"version-history":[{"count":0,"href":"https:\/\/maricatotal.com.br\/site\/wp-json\/wp\/v2\/posts\/3312\/revisions"}],"wp:attachment":[{"href":"https:\/\/maricatotal.com.br\/site\/wp-json\/wp\/v2\/media?parent=3312"}],"wp:term":[{"taxonomy":"category","embeddable":true,"href":"https:\/\/maricatotal.com.br\/site\/wp-json\/wp\/v2\/categories?post=3312"},{"taxonomy":"post_tag","embeddable":true,"href":"https:\/\/maricatotal.com.br\/site\/wp-json\/wp\/v2\/tags?post=3312"}],"curies":[{"name":"wp","href":"https:\/\/api.w.org\/{rel}","templated":true}]}}