{"id":33362,"date":"2022-02-03T18:57:45","date_gmt":"2022-02-03T21:57:45","guid":{"rendered":"https:\/\/maricatotal.com.br\/site\/?p=33362"},"modified":"2022-03-06T16:48:50","modified_gmt":"2022-03-06T19:48:50","slug":"acidente-entre-carro-e-vermelhinho-e-registrado-na-rj-106-no-flamengo","status":"publish","type":"post","link":"https:\/\/maricatotal.com.br\/site\/2022\/02\/03\/acidente-entre-carro-e-vermelhinho-e-registrado-na-rj-106-no-flamengo\/","title":{"rendered":"Acidente entre carro e Vermelhinho \u00e9 registrado na Rj-106, no Flamengo\u00a0"},"content":{"rendered":"\n<p><br>Um carro e um Vermelhinho se envolveram em um acidente, na Rodovia Amaral Peixoto, RJ-106, no Flamengo, em Maric\u00e1, no in\u00edcio da noite desta quinta-feira (03).<\/p>\n\n\n\n<p>Segundo informa\u00e7\u00f5es, o motorista da Empresa P\u00fablica de Transporte (EPT) seguia no sentido Niter\u00f3i quando foi surpreendido pelo carro, que bateu na traseira do \u00f4nibus.<\/p>\n\n\n\n<p>O ve\u00edculo, um Gol, foi parar em baixo do \u00f4nibus, mas ningu\u00e9m ficou ferido com o impacto da batida.<\/p>\n\n\n\n<p>Policiais militares do Batalh\u00e3o de Pol\u00edcia Rodovi\u00e1ria (BPRv) se deslocaram at\u00e9 o acidente e registraram a ocorr\u00eancia.&nbsp;<\/p>\n","protected":false},"excerpt":{"rendered":"<p>Um carro e um Vermelhinho se envolveram em um acidente, na Rodovia Amaral Peixoto, RJ-106, no Flamengo, em Maric\u00e1, no<\/p>\n","protected":false},"author":1,"featured_media":33364,"comment_status":"open","ping_status":"open","sticky":false,"template":"","format":"standard","meta":{"colormag_page_container_layout":"default_layout","colormag_page_sidebar_layout":"default_layout","footnotes":""},"categories":[14],"tags":[],"class_list":["post-33362","post","type-post","status-publish","format-standard","has-post-thumbnail","hentry","category-bairros"],"amp_enabled":true,"_links":{"self":[{"href":"https:\/\/maricatotal.com.br\/site\/wp-json\/wp\/v2\/posts\/33362","targetHints":{"allow":["GET"]}}],"collection":[{"href":"https:\/\/maricatotal.com.br\/site\/wp-json\/wp\/v2\/posts"}],"about":[{"href":"https:\/\/maricatotal.com.br\/site\/wp-json\/wp\/v2\/types\/post"}],"author":[{"embeddable":true,"href":"https:\/\/maricatotal.com.br\/site\/wp-json\/wp\/v2\/users\/1"}],"replies":[{"embeddable":true,"href":"https:\/\/maricatotal.com.br\/site\/wp-json\/wp\/v2\/comments?post=33362"}],"version-history":[{"count":1,"href":"https:\/\/maricatotal.com.br\/site\/wp-json\/wp\/v2\/posts\/33362\/revisions"}],"predecessor-version":[{"id":33365,"href":"https:\/\/maricatotal.com.br\/site\/wp-json\/wp\/v2\/posts\/33362\/revisions\/33365"}],"wp:featuredmedia":[{"embeddable":true,"href":"https:\/\/maricatotal.com.br\/site\/wp-json\/wp\/v2\/media\/33364"}],"wp:attachment":[{"href":"https:\/\/maricatotal.com.br\/site\/wp-json\/wp\/v2\/media?parent=33362"}],"wp:term":[{"taxonomy":"category","embeddable":true,"href":"https:\/\/maricatotal.com.br\/site\/wp-json\/wp\/v2\/categories?post=33362"},{"taxonomy":"post_tag","embeddable":true,"href":"https:\/\/maricatotal.com.br\/site\/wp-json\/wp\/v2\/tags?post=33362"}],"curies":[{"name":"wp","href":"https:\/\/api.w.org\/{rel}","templated":true}]}}