{"id":33379,"date":"2022-02-04T07:27:13","date_gmt":"2022-02-04T10:27:13","guid":{"rendered":"https:\/\/maricatotal.com.br\/site\/?p=33379"},"modified":"2022-03-06T16:49:43","modified_gmt":"2022-03-06T19:49:43","slug":"prefeitura-finaliza-anteprojeto-de-lei-do-plano-diretor-municipal","status":"publish","type":"post","link":"https:\/\/maricatotal.com.br\/site\/2022\/02\/04\/prefeitura-finaliza-anteprojeto-de-lei-do-plano-diretor-municipal\/","title":{"rendered":"Prefeitura finaliza anteprojeto de lei do Plano Diretor Municipal\u00a0"},"content":{"rendered":"\n<p>A Prefeitura de Maric\u00e1 realizou reuni\u00e3o online com o Grupo Intersetorial e o Conselho da Cidade (Concidade) de Maric\u00e1 para apresentar a minuta do anteprojeto de lei do Plano Diretor de Maric\u00e1. O documento final ser\u00e1 encaminhado para a Procuradoria e C\u00e2mara Municipal. Ap\u00f3s este processo, ser\u00e3o agendadas audi\u00eancias p\u00fablicas para a discuss\u00e3o e aprova\u00e7\u00e3o antes de tornar-se lei.<\/p>\n\n\n\n<p>A reuni\u00e3o teve a participa\u00e7\u00e3o do Instituto Brasileiro de Administra\u00e7\u00e3o P\u00fablica (IBAM), contratado para prestar assessoria t\u00e9cnica e metodol\u00f3gica da revis\u00e3o do Plano Diretor.<\/p>\n\n\n\n<p>Durante a confer\u00eancia, os representantes explicaram as diretrizes tem\u00e1ticas e as indica\u00e7\u00f5es em torno de quest\u00f5es para o meio ambiente, saneamento b\u00e1sico, clima urbano, energia e enfrentamento das mudan\u00e7as clim\u00e1ticas, mobilidade, habita\u00e7\u00e3o de interesse social, prote\u00e7\u00e3o de patrim\u00f4nio hist\u00f3rico e cultural e demais assuntos que envolvem o desenvolvimento ordenado do munic\u00edpio.<\/p>\n\n\n\n<p>O secret\u00e1rio de Urbanismo, Celso Cabral, enfatizou a import\u00e2ncia da conclus\u00e3o do Plano Diretor e sugeriu a aprova\u00e7\u00e3o do produto pelo Concidade.<\/p>\n\n\n\n<p>\u201c\u00c9 necess\u00e1rio darmos celeridade para que possamos implementar na cidade esse instrumento de pol\u00edtica de desenvolvimento e expans\u00e3o urbana\u201d, afirmou.<\/p>\n\n\n\n<p><strong>Participa\u00e7\u00e3o da popula\u00e7\u00e3o<\/strong><\/p>\n\n\n\n<p>O superintendente de Desenvolvimento Urbano e Meio Ambiente do IBAM, Alexandre Santos, disse que estrat\u00e9gias inovadoras foram desenvolvidas, j\u00e1 que houve uma grande ades\u00e3o da popula\u00e7\u00e3o na constru\u00e7\u00e3o desse processo. \u201cTivemos que desenvolver estrat\u00e9gias diversas, e at\u00e9 mesmo inovadoras, pelo volume de reuni\u00f5es comunit\u00e1rias, setoriais e pot\u00eancias p\u00fablicas\u201d, afirmou.<\/p>\n\n\n\n<p>Ap\u00f3s as explica\u00e7\u00f5es, os participantes perguntaram sobre ajustes estruturais, localiza\u00e7\u00e3o de monumentos hist\u00f3ricos e inclus\u00e3o de informa\u00e7\u00f5es pontuais. A equipe da Secretaria de Urbanismo ficou respons\u00e1vel por revisar e atualizar o documento, que em breve ser\u00e1 substitu\u00eddo no site.<\/p>\n\n\n\n<p><strong>O que \u00e9 o anteprojeto?<\/strong><\/p>\n\n\n\n<p>O anteprojeto de lei orienta as diretrizes tem\u00e1ticas e as propostas de ordenamento em diversos aspectos da cidade como o uso e ocupa\u00e7\u00e3o do solo, saneamento b\u00e1sico, pol\u00edticas p\u00fablicas de preserva\u00e7\u00e3o dos ativos ambientais, culturais entre outros fatores.<\/p>\n\n\n\n<p><strong>Estrutura organizacional<\/strong><\/p>\n\n\n\n<p>Composto por representantes dos poderes Executivo e Legislativo do munic\u00edpio, o Grupo Intersetorial tem a tarefa de acompanhar todas as fases do trabalho, opinar e encaminhar sugest\u00f5es referentes ao processo de elabora\u00e7\u00e3o dos planos.<\/p>\n\n\n\n<p>J\u00e1 o Conselho da Cidade \u00e9 constitu\u00eddo por representantes de \u00f3rg\u00e3os p\u00fablicos, movimentos sociais, populares, empresariado e ONGs que t\u00eam o compromisso de promover estudos e trabalhos necess\u00e1rios \u00e0 utiliza\u00e7\u00e3o do Plano Diretor.<\/p>\n\n\n\n<p><strong>Discuss\u00f5es do Plano Diretor<\/strong><\/p>\n\n\n\n<p>Desde 2020, foram realizadas quatro oficinas comunit\u00e1rias, uma em cada distrito, dez oficinas tem\u00e1ticas e seis audi\u00eancias p\u00fablicas. Todas as reuni\u00f5es foram por videoconfer\u00eancia, com transmiss\u00e3o ao vivo e disponibilidade de acesso aos v\u00eddeos.<\/p>\n","protected":false},"excerpt":{"rendered":"<p>A Prefeitura de Maric\u00e1 realizou reuni\u00e3o online com o Grupo Intersetorial e o Conselho da Cidade (Concidade) de Maric\u00e1 para<\/p>\n","protected":false},"author":1,"featured_media":33380,"comment_status":"open","ping_status":"open","sticky":false,"template":"","format":"standard","meta":{"colormag_page_container_layout":"default_layout","colormag_page_sidebar_layout":"default_layout","footnotes":""},"categories":[17],"tags":[],"class_list":["post-33379","post","type-post","status-publish","format-standard","has-post-thumbnail","hentry","category-politica"],"amp_enabled":true,"_links":{"self":[{"href":"https:\/\/maricatotal.com.br\/site\/wp-json\/wp\/v2\/posts\/33379","targetHints":{"allow":["GET"]}}],"collection":[{"href":"https:\/\/maricatotal.com.br\/site\/wp-json\/wp\/v2\/posts"}],"about":[{"href":"https:\/\/maricatotal.com.br\/site\/wp-json\/wp\/v2\/types\/post"}],"author":[{"embeddable":true,"href":"https:\/\/maricatotal.com.br\/site\/wp-json\/wp\/v2\/users\/1"}],"replies":[{"embeddable":true,"href":"https:\/\/maricatotal.com.br\/site\/wp-json\/wp\/v2\/comments?post=33379"}],"version-history":[{"count":1,"href":"https:\/\/maricatotal.com.br\/site\/wp-json\/wp\/v2\/posts\/33379\/revisions"}],"predecessor-version":[{"id":33381,"href":"https:\/\/maricatotal.com.br\/site\/wp-json\/wp\/v2\/posts\/33379\/revisions\/33381"}],"wp:featuredmedia":[{"embeddable":true,"href":"https:\/\/maricatotal.com.br\/site\/wp-json\/wp\/v2\/media\/33380"}],"wp:attachment":[{"href":"https:\/\/maricatotal.com.br\/site\/wp-json\/wp\/v2\/media?parent=33379"}],"wp:term":[{"taxonomy":"category","embeddable":true,"href":"https:\/\/maricatotal.com.br\/site\/wp-json\/wp\/v2\/categories?post=33379"},{"taxonomy":"post_tag","embeddable":true,"href":"https:\/\/maricatotal.com.br\/site\/wp-json\/wp\/v2\/tags?post=33379"}],"curies":[{"name":"wp","href":"https:\/\/api.w.org\/{rel}","templated":true}]}}