{"id":33390,"date":"2022-02-04T09:28:32","date_gmt":"2022-02-04T12:28:32","guid":{"rendered":"https:\/\/maricatotal.com.br\/site\/?p=33390"},"modified":"2022-03-06T16:49:53","modified_gmt":"2022-03-06T19:49:53","slug":"acusado-de-violencia-domestica-e-preso-em-marica-2","status":"publish","type":"post","link":"https:\/\/maricatotal.com.br\/site\/2022\/02\/04\/acusado-de-violencia-domestica-e-preso-em-marica-2\/","title":{"rendered":"Acusado de viol\u00eancia dom\u00e9stica \u00e9 preso em Maric\u00e1\u00a0"},"content":{"rendered":"\n<p>Policiais civis da 77\u00aa DP (Icara\u00ed) prenderam, nesta quinta-feira (03), um homem acusado de les\u00e3o corporal e amea\u00e7a na forma da Lei Maria da Penha. <\/p>\n\n\n\n<p>Segundo informa\u00e7\u00f5es, ap\u00f3s investiga\u00e7\u00f5es do setor de intelig\u00eancia, agentes capturaram o homem no bairro Ino\u00e3, na cidade de Maric\u00e1.<\/p>\n\n\n\n<p>Contra ele, foi cumprido mandado de pris\u00e3o condenat\u00f3ria expedido pelo Juizado Especial Criminal e Viol\u00eancia Dom\u00e9stica de Maric\u00e1. O homem foi encaminhado ao sistema prisional.<\/p>\n","protected":false},"excerpt":{"rendered":"<p>Policiais civis da 77\u00aa DP (Icara\u00ed) prenderam, nesta quinta-feira (03), um homem acusado de les\u00e3o corporal e amea\u00e7a na forma<\/p>\n","protected":false},"author":1,"featured_media":33391,"comment_status":"open","ping_status":"open","sticky":false,"template":"","format":"standard","meta":{"colormag_page_container_layout":"default_layout","colormag_page_sidebar_layout":"default_layout","footnotes":""},"categories":[1],"tags":[],"class_list":["post-33390","post","type-post","status-publish","format-standard","has-post-thumbnail","hentry","category-noticias"],"amp_enabled":true,"_links":{"self":[{"href":"https:\/\/maricatotal.com.br\/site\/wp-json\/wp\/v2\/posts\/33390","targetHints":{"allow":["GET"]}}],"collection":[{"href":"https:\/\/maricatotal.com.br\/site\/wp-json\/wp\/v2\/posts"}],"about":[{"href":"https:\/\/maricatotal.com.br\/site\/wp-json\/wp\/v2\/types\/post"}],"author":[{"embeddable":true,"href":"https:\/\/maricatotal.com.br\/site\/wp-json\/wp\/v2\/users\/1"}],"replies":[{"embeddable":true,"href":"https:\/\/maricatotal.com.br\/site\/wp-json\/wp\/v2\/comments?post=33390"}],"version-history":[{"count":1,"href":"https:\/\/maricatotal.com.br\/site\/wp-json\/wp\/v2\/posts\/33390\/revisions"}],"predecessor-version":[{"id":33393,"href":"https:\/\/maricatotal.com.br\/site\/wp-json\/wp\/v2\/posts\/33390\/revisions\/33393"}],"wp:featuredmedia":[{"embeddable":true,"href":"https:\/\/maricatotal.com.br\/site\/wp-json\/wp\/v2\/media\/33391"}],"wp:attachment":[{"href":"https:\/\/maricatotal.com.br\/site\/wp-json\/wp\/v2\/media?parent=33390"}],"wp:term":[{"taxonomy":"category","embeddable":true,"href":"https:\/\/maricatotal.com.br\/site\/wp-json\/wp\/v2\/categories?post=33390"},{"taxonomy":"post_tag","embeddable":true,"href":"https:\/\/maricatotal.com.br\/site\/wp-json\/wp\/v2\/tags?post=33390"}],"curies":[{"name":"wp","href":"https:\/\/api.w.org\/{rel}","templated":true}]}}