{"id":33403,"date":"2022-02-04T14:10:41","date_gmt":"2022-02-04T17:10:41","guid":{"rendered":"https:\/\/maricatotal.com.br\/site\/?p=33403"},"modified":"2022-03-06T16:50:16","modified_gmt":"2022-03-06T19:50:16","slug":"prefeitura-promove-encontro-online-para-profissionais-da-rede-de-ensino-de-marica","status":"publish","type":"post","link":"https:\/\/maricatotal.com.br\/site\/2022\/02\/04\/prefeitura-promove-encontro-online-para-profissionais-da-rede-de-ensino-de-marica\/","title":{"rendered":"Prefeitura promove encontro online para profissionais da rede de ensino de Maric\u00e1\u00a0"},"content":{"rendered":"\n<p>A Prefeitura de Maric\u00e1 promoveu encontro online na quarta-feira (02\/02) para acolhimento de 4,694 profissionais da Secretaria Municipal de Educa\u00e7\u00e3o, que marcou o in\u00edcio do ano letivo nas 65 escolas do munic\u00edpio. Professores, diretores, orientadores e inspetores assistiram \u00e0 transmiss\u00e3o ao vivo&nbsp; em suas escolas utilizando as novas lousas eletr\u00f4nicas instaladas em cada unidade.<\/p>\n\n\n\n<p>Para a secret\u00e1ria de Educa\u00e7\u00e3o, Adriana Costa, o evento foi muito positivo, incentivador e destacou a participa\u00e7\u00e3o do educador portugu\u00eas Jos\u00e9 Pacheco, entusiasta da obra de Darcy Ribeiro, cujo centen\u00e1rio ir\u00e1 nortear parte das atividades educacionais deste ano.<\/p>\n\n\n\n<p>\u201cAchei muito forte quando o professor Pacheco diz que a escola p\u00fablica n\u00e3o \u00e9 apenas a que pertence a um governo, mas a que forma o cidad\u00e3o de maneira completa e h\u00e1 muitas escolas particulares executando melhor essa miss\u00e3o. \u00c9 uma coisa impactante e que nos serve de alerta. No geral, foi um acolhimento prazeroso para incentivar nossas equipes neste in\u00edcio de trabalho\u201d, afirmou.<\/p>\n\n\n\n<p><strong>Reuni\u00e3o de planejamento pedag\u00f3gico<\/strong><\/p>\n\n\n\n<p>Ap\u00f3s a transmiss\u00e3o, grupos de professores iniciaram suas reuni\u00f5es de planejamento pedag\u00f3gico para suas unidades e destacaram o car\u00e1ter motivador do evento. Uma dessas reuni\u00f5es aconteceu na pr\u00f3pria Casa de Darcy Ribeiro, em Cordeirinho, onde a equipe da E.M. L\u00facio Thom\u00e9 Guerra Feteira, que fica no mesmo bairro.<\/p>\n\n\n\n<p>\u201cTodas as unidades fizeram excelente acolhimento dos professores e funcion\u00e1rios. Entendemos que com amor conseguiremos atingir nossos resultados e alcan\u00e7ar o sucesso dos nossos alunos. Nossa miss\u00e3o \u00e9 formar pessoas felizes, socialmente respons\u00e1veis e aut\u00f4nomas para construir seus projetos de vida\u201d, declarou a diretora da unidade, Lorena Mendon\u00e7a.<\/p>\n","protected":false},"excerpt":{"rendered":"<p>A Prefeitura de Maric\u00e1 promoveu encontro online na quarta-feira (02\/02) para acolhimento de 4,694 profissionais da Secretaria Municipal de Educa\u00e7\u00e3o,<\/p>\n","protected":false},"author":1,"featured_media":33404,"comment_status":"open","ping_status":"open","sticky":false,"template":"","format":"standard","meta":{"colormag_page_container_layout":"default_layout","colormag_page_sidebar_layout":"default_layout","footnotes":""},"categories":[18,17],"tags":[],"class_list":["post-33403","post","type-post","status-publish","format-standard","has-post-thumbnail","hentry","category-entretenimento","category-politica"],"amp_enabled":true,"_links":{"self":[{"href":"https:\/\/maricatotal.com.br\/site\/wp-json\/wp\/v2\/posts\/33403","targetHints":{"allow":["GET"]}}],"collection":[{"href":"https:\/\/maricatotal.com.br\/site\/wp-json\/wp\/v2\/posts"}],"about":[{"href":"https:\/\/maricatotal.com.br\/site\/wp-json\/wp\/v2\/types\/post"}],"author":[{"embeddable":true,"href":"https:\/\/maricatotal.com.br\/site\/wp-json\/wp\/v2\/users\/1"}],"replies":[{"embeddable":true,"href":"https:\/\/maricatotal.com.br\/site\/wp-json\/wp\/v2\/comments?post=33403"}],"version-history":[{"count":1,"href":"https:\/\/maricatotal.com.br\/site\/wp-json\/wp\/v2\/posts\/33403\/revisions"}],"predecessor-version":[{"id":33405,"href":"https:\/\/maricatotal.com.br\/site\/wp-json\/wp\/v2\/posts\/33403\/revisions\/33405"}],"wp:featuredmedia":[{"embeddable":true,"href":"https:\/\/maricatotal.com.br\/site\/wp-json\/wp\/v2\/media\/33404"}],"wp:attachment":[{"href":"https:\/\/maricatotal.com.br\/site\/wp-json\/wp\/v2\/media?parent=33403"}],"wp:term":[{"taxonomy":"category","embeddable":true,"href":"https:\/\/maricatotal.com.br\/site\/wp-json\/wp\/v2\/categories?post=33403"},{"taxonomy":"post_tag","embeddable":true,"href":"https:\/\/maricatotal.com.br\/site\/wp-json\/wp\/v2\/tags?post=33403"}],"curies":[{"name":"wp","href":"https:\/\/api.w.org\/{rel}","templated":true}]}}