{"id":33431,"date":"2022-02-05T07:15:05","date_gmt":"2022-02-05T10:15:05","guid":{"rendered":"https:\/\/maricatotal.com.br\/site\/?p=33431"},"modified":"2022-03-06T16:51:27","modified_gmt":"2022-03-06T19:51:27","slug":"homem-e-mulher-morrem-em-grave-acidente-de-moto-em-inoa","status":"publish","type":"post","link":"https:\/\/maricatotal.com.br\/site\/2022\/02\/05\/homem-e-mulher-morrem-em-grave-acidente-de-moto-em-inoa\/","title":{"rendered":"Homem e mulher morrem em grave acidente de moto em Ino\u00e3\u00a0"},"content":{"rendered":"\n<p>Um homem e uma mulher morreram em um grave acidente de moto na Rua das Amoreiras, em Ino\u00e3, no fim da madrugada deste s\u00e1bado(05).<\/p>\n\n\n\n<p>Segundo informa\u00e7\u00f5es, o motociclista seguia com a garupa em alta velocidade em dire\u00e7\u00e3o a RJ-106 quando perdeu o controle e bateu em um poste e um muro violentamente.<\/p>\n\n\n\n<p>Tarc\u00edsio da Silva Souza, de 29 anos, e Patr\u00edcia Cruz de Brito, tamb\u00e9m de 29 anos, n\u00e3o resistiram aos graves ferimentos e morreram no local ado acidente.<\/p>\n\n\n\n<p>Bombeiros do Destacamento de Maric\u00e1 foram acionados e constataram o \u00f3bito do casal.<\/p>\n\n\n\n<p>Agentes da Pol\u00edcia Civil foram acionados para realizar a per\u00edcia t\u00e9cnica nos corpos. Em seguida, os corpos ser\u00e3o removidos pelo Rabec\u00e3o da Defesa Civil para o Instituto M\u00e9dico Legal (IML), no Barreto, em Niter\u00f3i.<\/p>\n\n\n\n<p>Policiais militares estiveram no local para registrar a ocorr\u00eancia.\u00a0<br><\/p>\n\n\n\n<figure class=\"wp-block-image size-large\"><img loading=\"lazy\" decoding=\"async\" width=\"1024\" height=\"768\" src=\"https:\/\/maricatotal.com.br\/site\/wp-content\/uploads\/2022\/02\/DFDCDC43-9AC0-4821-BCA7-C5E67AAF476B-1024x768.png\" alt=\"\" class=\"wp-image-33466\" srcset=\"https:\/\/maricatotal.com.br\/site\/wp-content\/uploads\/2022\/02\/DFDCDC43-9AC0-4821-BCA7-C5E67AAF476B-1024x768.png 1024w, https:\/\/maricatotal.com.br\/site\/wp-content\/uploads\/2022\/02\/DFDCDC43-9AC0-4821-BCA7-C5E67AAF476B-300x225.png 300w, https:\/\/maricatotal.com.br\/site\/wp-content\/uploads\/2022\/02\/DFDCDC43-9AC0-4821-BCA7-C5E67AAF476B-768x576.png 768w, https:\/\/maricatotal.com.br\/site\/wp-content\/uploads\/2022\/02\/DFDCDC43-9AC0-4821-BCA7-C5E67AAF476B-1536x1152.png 1536w, https:\/\/maricatotal.com.br\/site\/wp-content\/uploads\/2022\/02\/DFDCDC43-9AC0-4821-BCA7-C5E67AAF476B.png 1600w\" sizes=\"auto, (max-width: 1024px) 100vw, 1024px\" \/><\/figure>\n","protected":false},"excerpt":{"rendered":"<p>Um homem e uma mulher morreram em um grave acidente de moto na Rua das Amoreiras, em Ino\u00e3, no fim<\/p>\n","protected":false},"author":1,"featured_media":33116,"comment_status":"open","ping_status":"open","sticky":false,"template":"","format":"standard","meta":{"colormag_page_container_layout":"default_layout","colormag_page_sidebar_layout":"default_layout","footnotes":""},"categories":[14],"tags":[],"class_list":["post-33431","post","type-post","status-publish","format-standard","has-post-thumbnail","hentry","category-bairros"],"amp_enabled":true,"_links":{"self":[{"href":"https:\/\/maricatotal.com.br\/site\/wp-json\/wp\/v2\/posts\/33431","targetHints":{"allow":["GET"]}}],"collection":[{"href":"https:\/\/maricatotal.com.br\/site\/wp-json\/wp\/v2\/posts"}],"about":[{"href":"https:\/\/maricatotal.com.br\/site\/wp-json\/wp\/v2\/types\/post"}],"author":[{"embeddable":true,"href":"https:\/\/maricatotal.com.br\/site\/wp-json\/wp\/v2\/users\/1"}],"replies":[{"embeddable":true,"href":"https:\/\/maricatotal.com.br\/site\/wp-json\/wp\/v2\/comments?post=33431"}],"version-history":[{"count":3,"href":"https:\/\/maricatotal.com.br\/site\/wp-json\/wp\/v2\/posts\/33431\/revisions"}],"predecessor-version":[{"id":33467,"href":"https:\/\/maricatotal.com.br\/site\/wp-json\/wp\/v2\/posts\/33431\/revisions\/33467"}],"wp:featuredmedia":[{"embeddable":true,"href":"https:\/\/maricatotal.com.br\/site\/wp-json\/wp\/v2\/media\/33116"}],"wp:attachment":[{"href":"https:\/\/maricatotal.com.br\/site\/wp-json\/wp\/v2\/media?parent=33431"}],"wp:term":[{"taxonomy":"category","embeddable":true,"href":"https:\/\/maricatotal.com.br\/site\/wp-json\/wp\/v2\/categories?post=33431"},{"taxonomy":"post_tag","embeddable":true,"href":"https:\/\/maricatotal.com.br\/site\/wp-json\/wp\/v2\/tags?post=33431"}],"curies":[{"name":"wp","href":"https:\/\/api.w.org\/{rel}","templated":true}]}}