{"id":3344,"date":"2019-09-17T08:49:58","date_gmt":"2019-09-17T11:49:58","guid":{"rendered":"http:\/\/maricatotal.com.br\/site\/?p=3344"},"modified":"2019-09-17T08:50:00","modified_gmt":"2019-09-17T11:50:00","slug":"festa-da-vida-acontece-neste-fim-de-semana-em-inoa","status":"publish","type":"post","link":"https:\/\/maricatotal.com.br\/site\/2019\/09\/17\/festa-da-vida-acontece-neste-fim-de-semana-em-inoa\/","title":{"rendered":"FESTA DA VIDA ACONTECE NESTE FIM DE SEMANA EM INO\u00c3"},"content":{"rendered":"\n<figure class=\"wp-block-image\"><img loading=\"lazy\" decoding=\"async\" width=\"1024\" height=\"1024\" src=\"http:\/\/maricatotal.com.br\/site\/wp-content\/uploads\/2019\/09\/8EA7C94F-CE5A-4C84-B7AB-5DFBBE6CFD61-1024x1024.jpeg\" alt=\"\" class=\"wp-image-3345\" srcset=\"https:\/\/maricatotal.com.br\/site\/wp-content\/uploads\/2019\/09\/8EA7C94F-CE5A-4C84-B7AB-5DFBBE6CFD61-1024x1024.jpeg 1024w, https:\/\/maricatotal.com.br\/site\/wp-content\/uploads\/2019\/09\/8EA7C94F-CE5A-4C84-B7AB-5DFBBE6CFD61-150x150.jpeg 150w, https:\/\/maricatotal.com.br\/site\/wp-content\/uploads\/2019\/09\/8EA7C94F-CE5A-4C84-B7AB-5DFBBE6CFD61-300x300.jpeg 300w, https:\/\/maricatotal.com.br\/site\/wp-content\/uploads\/2019\/09\/8EA7C94F-CE5A-4C84-B7AB-5DFBBE6CFD61-768x768.jpeg 768w, https:\/\/maricatotal.com.br\/site\/wp-content\/uploads\/2019\/09\/8EA7C94F-CE5A-4C84-B7AB-5DFBBE6CFD61-400x400.jpeg 400w, https:\/\/maricatotal.com.br\/site\/wp-content\/uploads\/2019\/09\/8EA7C94F-CE5A-4C84-B7AB-5DFBBE6CFD61-500x500.jpeg 500w, https:\/\/maricatotal.com.br\/site\/wp-content\/uploads\/2019\/09\/8EA7C94F-CE5A-4C84-B7AB-5DFBBE6CFD61.jpeg 2000w\" sizes=\"auto, (max-width: 1024px) 100vw, 1024px\" \/><\/figure>\n\n\n\n<p>Neste fim de semana (21 e 22\/09), tem Festa da Vida \u2013 Diga Sim a Jesus em Ino\u00e3. Al\u00e9m da cantora Cassiane, comandam a comemora\u00e7\u00e3o ao lado da quadra de esportes do Spar, o cantor Ronaldo Santos, a cantora Michelle Nascimento e o Minist\u00e9rio Sarando a Terra Ferida. O evento conta com o apoio da Prefeitura de Maric\u00e1.<\/p>\n\n\n\n<p>No s\u00e1bado, dia 21\/09, a programa\u00e7\u00e3o come\u00e7a cedo. A partir das 8h tem caf\u00e9 da manh\u00e3 com pastores. Est\u00e3o confirmados o pastor Rafael Ramos&nbsp;e o cantor Ronaldo Santos.<\/p>\n\n\n\n<p>Uma a\u00e7\u00e3o social com direito a corte de cabelo, aplica\u00e7\u00e3o de fl\u00faor, aferi\u00e7\u00e3o de glicose e press\u00e3o arterial feitas pelos funcion\u00e1rios do Samu Maric\u00e1 acontece logo depois.<\/p>\n\n\n\n<p>\u00c0 noite, a programa\u00e7\u00e3o come\u00e7a \u00e0s 19h com pastores locais no comando de uma ora\u00e7\u00e3o pela cidade. Neste primeiro dia de festa, o pregador da noite \u00e9 o pastor Dem\u00e9trio Martins. Se apresentam tamb\u00e9m a Banda Resgatando Vidas (Maric\u00e1), a Banda Altares (S\u00e3o Gon\u00e7alo) e a cantora Cassiane. Nos intervalos, haver\u00e1 m\u00fasica eletr\u00f4nica e sorteios de brindes.<\/p>\n\n\n\n<p>Cassiane come\u00e7ou a cantar aos oito anos de idade. Em 37 anos de carreira, tornou-se refer\u00eancia, ultrapassando barreiras denominais e conquistando novas gera\u00e7\u00f5es. Seu \u00faltimo \u00e1lbum \u201cN\u00edvel do C\u00e9u\u201d foi lan\u00e7ado em 2018 com um repert\u00f3rio totalmente ecl\u00e9tico e sonoridade ainda mais contempor\u00e2nea nas 12 can\u00e7\u00f5es in\u00e9ditas, sem perder a ess\u00eancia pentecostal.<\/p>\n\n\n\n<p>Entre as can\u00e7\u00f5es que Cassiane vai entoar na cidade a partir das 21h30 min est\u00e3o: \u201cArma Secreta\u201d, \u201cO Le\u00e3o e o Cordeiro\u201d, \u201cQuando Voc\u00ea Me Adora\u201d, e \u201cDeixa o C\u00e9u Descer\u201d.<\/p>\n\n\n\n<p>No domingo, dia 22\/09, tem ora\u00e7\u00e3o a partir das 16h. A prega\u00e7\u00e3o fica por conta da pastora Andrea Neves. J\u00e1 a parte musical conta com os cantores Giselle Fully (Maric\u00e1), Michelle Nascimento e Minist\u00e9rio Sarando a Terra Ferida. Nos intervalos, a alegria tamb\u00e9m fica por conta de Djs e sorteios de brindes.<\/p>\n\n\n\n<p>Um dos principais nomes do segmento na atualidade, a cantora carioca Michelle Nascimento assume o microfone \u00e0s 18h. Em Maric\u00e1, a cantora vai apresentar \u201cAssim na Terra como no C\u00e9u\u201d, seu quarto \u00e1lbum de trabalho, totalmente autoral, que foi lan\u00e7ado h\u00e1 apenas tr\u00eas meses e \u00e9 muito especial para ela, j\u00e1 que todas as can\u00e7\u00f5es falam de sua \u201cluta interna\u201d ap\u00f3s ter enfrentado uma forte depress\u00e3o.<\/p>\n\n\n\n<p>\u00c0s 20h come\u00e7a o show com o Minist\u00e9rio Sarando a Terra Ferida, que tem 13 anos de carreira e sete de estrada. Conhecido pelos hits \u201cSeja Adorado\u201d, \u201cO Novo de Deus\u201d, \u201cEsp\u00edrito Santo\u201d e \u201cN\u00e3o H\u00e1 Condena\u00e7\u00e3o\u201d, o grupo est\u00e1 desde 2016 sem lan\u00e7ar um trabalho in\u00e9dito. O \u00faltimo foi \u201c\u00c9s meu tudo\u201d. Mesmo assim, Francielli Santos (vocal), Daniel Marinho (baixo), Rafael Black (bateria e vocal) e Paulo S\u00e9rgio \u2018Grande\u2019 (guitarra) decidiram ousar nos arranjos e atualmente apresentam uma sonoridade diferenciada, mergulhada nas tend\u00eancias internacionais.<\/p>\n\n\n\n<p>Vale destacar que outra programa\u00e7\u00e3o havia sido divulgada, mas teve que ser alterada por problemas na agenda dos cantores.<\/p>\n","protected":false},"excerpt":{"rendered":"<p>Neste fim de semana (21 e 22\/09), tem Festa da Vida \u2013 Diga Sim a Jesus em Ino\u00e3. Al\u00e9m da<\/p>\n","protected":false},"author":1,"featured_media":0,"comment_status":"open","ping_status":"open","sticky":false,"template":"","format":"standard","meta":{"colormag_page_container_layout":"default_layout","colormag_page_sidebar_layout":"default_layout","footnotes":""},"categories":[18],"tags":[],"class_list":["post-3344","post","type-post","status-publish","format-standard","hentry","category-entretenimento"],"amp_enabled":true,"_links":{"self":[{"href":"https:\/\/maricatotal.com.br\/site\/wp-json\/wp\/v2\/posts\/3344","targetHints":{"allow":["GET"]}}],"collection":[{"href":"https:\/\/maricatotal.com.br\/site\/wp-json\/wp\/v2\/posts"}],"about":[{"href":"https:\/\/maricatotal.com.br\/site\/wp-json\/wp\/v2\/types\/post"}],"author":[{"embeddable":true,"href":"https:\/\/maricatotal.com.br\/site\/wp-json\/wp\/v2\/users\/1"}],"replies":[{"embeddable":true,"href":"https:\/\/maricatotal.com.br\/site\/wp-json\/wp\/v2\/comments?post=3344"}],"version-history":[{"count":0,"href":"https:\/\/maricatotal.com.br\/site\/wp-json\/wp\/v2\/posts\/3344\/revisions"}],"wp:attachment":[{"href":"https:\/\/maricatotal.com.br\/site\/wp-json\/wp\/v2\/media?parent=3344"}],"wp:term":[{"taxonomy":"category","embeddable":true,"href":"https:\/\/maricatotal.com.br\/site\/wp-json\/wp\/v2\/categories?post=3344"},{"taxonomy":"post_tag","embeddable":true,"href":"https:\/\/maricatotal.com.br\/site\/wp-json\/wp\/v2\/tags?post=3344"}],"curies":[{"name":"wp","href":"https:\/\/api.w.org\/{rel}","templated":true}]}}