{"id":34640,"date":"2022-03-04T10:58:01","date_gmt":"2022-03-04T13:58:01","guid":{"rendered":"https:\/\/maricatotal.com.br\/site\/?p=34640"},"modified":"2022-03-29T00:23:06","modified_gmt":"2022-03-29T03:23:06","slug":"prefeitura-estuda-utilizar-residuos-organicos-na-producao-de-adubos","status":"publish","type":"post","link":"https:\/\/maricatotal.com.br\/site\/2022\/03\/04\/prefeitura-estuda-utilizar-residuos-organicos-na-producao-de-adubos\/","title":{"rendered":"Prefeitura estuda utilizar res\u00edduos org\u00e2nicos na produ\u00e7\u00e3o de adubos\u00a0"},"content":{"rendered":"\n<p>A Prefeitura de Maric\u00e1 recebeu nesta segunda-feira (21\/02) pesquisadores da Universidade Federal Rural do Rio de Janeiro (UFRRJ) para uma visita ao Restaurante Municipal Mauro Alem\u00e3o, em Ino\u00e3, e em uma granja no Retiro. Nos locais foram feitos levantamentos dos res\u00edduos org\u00e2nicos que podem ser utilizados na produ\u00e7\u00e3o de insumos do Inova Agroecologia Maric\u00e1. O projeto desenvolvido pela Companhia de Desenvolvimento de Maric\u00e1 (Codemar) prev\u00ea a cria\u00e7\u00e3o e a implanta\u00e7\u00e3o de um centro tecnol\u00f3gico voltado \u00e0 agroecologia, em parceria com a UFRRJ.<\/p>\n\n\n\n<p>O engenheiro agr\u00f4nomo do UFRRJ, Giovane Leal de Souza Silva, destacou a import\u00e2ncia dos estudos para alinhar as pr\u00f3ximas etapas do Inova Agroecologia Maric\u00e1.<\/p>\n\n\n\n<p>\u201cPodemos usar as sobras org\u00e2nicas do restaurante e da granja na produ\u00e7\u00e3o desses insumos. Assim conseguiremos melhorar a produ\u00e7\u00e3o dos novos alimentos\u201d, disse destacando que o grupo tamb\u00e9m visitou uma granja no Retiro.<\/p>\n\n\n\n<p>O superintendente de Projetos e Arranjos Produtivos da Codemar, Clodoaldo Brand\u00e3o, afirmou que est\u00e1 em elabora\u00e7\u00e3o uma proposta para estruturar e recompor o arranjo produtivo agroalimentar local em maric\u00e1.<\/p>\n\n\n\n<p>\u201cA ideia \u00e9 utilizar res\u00edduos de alimentos, de granjas, das podas das \u00e1rvores e demais plantas dos canteiros e pra\u00e7as, bem como outras fontes de res\u00edduos org\u00e2nicos que est\u00e3o sendo prospectados, para serem convertidos em compostos org\u00e2nicos, visando sua utiliza\u00e7\u00e3o na aduba\u00e7\u00e3o das hortas e demais cultivos agroecol\u00f3gicos existentes e outros que ser\u00e3o implantados em nosso munic\u00edpio\u201d, acrescentou.<\/p>\n","protected":false},"excerpt":{"rendered":"<p>A Prefeitura de Maric\u00e1 recebeu nesta segunda-feira (21\/02) pesquisadores da Universidade Federal Rural do Rio de Janeiro (UFRRJ) para uma<\/p>\n","protected":false},"author":1,"featured_media":34641,"comment_status":"open","ping_status":"open","sticky":false,"template":"","format":"standard","meta":{"colormag_page_container_layout":"default_layout","colormag_page_sidebar_layout":"default_layout","footnotes":""},"categories":[18],"tags":[],"class_list":["post-34640","post","type-post","status-publish","format-standard","has-post-thumbnail","hentry","category-entretenimento"],"amp_enabled":true,"_links":{"self":[{"href":"https:\/\/maricatotal.com.br\/site\/wp-json\/wp\/v2\/posts\/34640","targetHints":{"allow":["GET"]}}],"collection":[{"href":"https:\/\/maricatotal.com.br\/site\/wp-json\/wp\/v2\/posts"}],"about":[{"href":"https:\/\/maricatotal.com.br\/site\/wp-json\/wp\/v2\/types\/post"}],"author":[{"embeddable":true,"href":"https:\/\/maricatotal.com.br\/site\/wp-json\/wp\/v2\/users\/1"}],"replies":[{"embeddable":true,"href":"https:\/\/maricatotal.com.br\/site\/wp-json\/wp\/v2\/comments?post=34640"}],"version-history":[{"count":1,"href":"https:\/\/maricatotal.com.br\/site\/wp-json\/wp\/v2\/posts\/34640\/revisions"}],"predecessor-version":[{"id":34642,"href":"https:\/\/maricatotal.com.br\/site\/wp-json\/wp\/v2\/posts\/34640\/revisions\/34642"}],"wp:featuredmedia":[{"embeddable":true,"href":"https:\/\/maricatotal.com.br\/site\/wp-json\/wp\/v2\/media\/34641"}],"wp:attachment":[{"href":"https:\/\/maricatotal.com.br\/site\/wp-json\/wp\/v2\/media?parent=34640"}],"wp:term":[{"taxonomy":"category","embeddable":true,"href":"https:\/\/maricatotal.com.br\/site\/wp-json\/wp\/v2\/categories?post=34640"},{"taxonomy":"post_tag","embeddable":true,"href":"https:\/\/maricatotal.com.br\/site\/wp-json\/wp\/v2\/tags?post=34640"}],"curies":[{"name":"wp","href":"https:\/\/api.w.org\/{rel}","templated":true}]}}