{"id":3511,"date":"2019-09-24T11:38:59","date_gmt":"2019-09-24T14:38:59","guid":{"rendered":"http:\/\/maricatotal.com.br\/site\/?p=3511"},"modified":"2019-09-24T11:39:01","modified_gmt":"2019-09-24T14:39:01","slug":"saude-de-ponta-a-ponta-chega-a-ponta-negra","status":"publish","type":"post","link":"https:\/\/maricatotal.com.br\/site\/2019\/09\/24\/saude-de-ponta-a-ponta-chega-a-ponta-negra\/","title":{"rendered":"SA\u00daDE DE PONTA A PONTA CHEGA A PONTA NEGRA"},"content":{"rendered":"\n<figure class=\"wp-block-image\"><img loading=\"lazy\" decoding=\"async\" width=\"1024\" height=\"682\" src=\"http:\/\/maricatotal.com.br\/site\/wp-content\/uploads\/2019\/09\/FF4AD754-E96A-41D3-AE99-EE2925C23CFA-1024x682.jpeg\" alt=\"\" class=\"wp-image-3512\" srcset=\"https:\/\/maricatotal.com.br\/site\/wp-content\/uploads\/2019\/09\/FF4AD754-E96A-41D3-AE99-EE2925C23CFA-1024x682.jpeg 1024w, https:\/\/maricatotal.com.br\/site\/wp-content\/uploads\/2019\/09\/FF4AD754-E96A-41D3-AE99-EE2925C23CFA-300x200.jpeg 300w, https:\/\/maricatotal.com.br\/site\/wp-content\/uploads\/2019\/09\/FF4AD754-E96A-41D3-AE99-EE2925C23CFA-768x512.jpeg 768w, https:\/\/maricatotal.com.br\/site\/wp-content\/uploads\/2019\/09\/FF4AD754-E96A-41D3-AE99-EE2925C23CFA.jpeg 1280w\" sizes=\"auto, (max-width: 1024px) 100vw, 1024px\" \/><\/figure>\n\n\n\n<p>Ponta Negra foi o segundo bairro a receber o projeto itinerante \u201cSa\u00fade de Ponta a Ponta\u201d nesta segunda e ter\u00e7a-feira (23\/09 e 24\/09), oferecido pela Secretaria de Sa\u00fade de Maric\u00e1 aos moradores encaminhados pelas unidades de Sa\u00fade para realizar exames de Raios-X, densitometria, ecocardiograma, mamografia, eletrocardiograma e ultrassonografias.<\/p>\n\n\n\n<p>Para ter acesso ao servi\u00e7o, o paciente precisa ser encaminhado a partir do posto de Sa\u00fade do bairro onde mora ou estar com o pedido m\u00e9dico pr\u00e9-regulado atrav\u00e9s da Central de Regula\u00e7\u00e3o e ser chamado para comparecer ao caminh\u00e3o do Sa\u00fade M\u00f3vel. Nesta ter\u00e7a-feira, o atendimento ser\u00e1 das 8h \u00e0s 16h.<\/p>\n\n\n\n<p>A moradora de Ponta Negra, Jandira Pereira, de 64 anos adorou a not\u00edcia de que iria fazer o exame de Densitometria \u00f3ssea em seu pr\u00f3prio bairro.<\/p>\n\n\n\n<p>\u201cCheguei a ir a Itabora\u00ed fazer esse exame, mas n\u00e3o pude, pois estava tomando c\u00e1lcio. Quando me avisaram que eu iria fazer aqui pertinho de casa adorei. J\u00e1 at\u00e9 tirei foto do caminh\u00e3o para mostrar na internet. Coisa boa a gente tem que elogiar e divulgar. A prefeitura est\u00e1 de parab\u00e9ns por essa iniciativa\u201d, comentou.<\/p>\n\n\n\n<p>J\u00e1&nbsp;Tayn\u00e1 Rou\u00e7as, de 24 anos, estava no caminh\u00e3o da Sa\u00fade M\u00f3vel para realizar os exames de eletrocardiograma e ultrassonografia. Ela elogiou a rapidez no atendimento.<\/p>\n\n\n\n<p>\u201cAchei muito r\u00e1pido, com uma qualidade excelente tamb\u00e9m e ainda sai na hora o resultado. Fiquei bem satisfeita em poder fazer esses exames perto da minha casa\u201d, falou a moradora de Guaratiba.<\/p>\n\n\n\n<p>A tamb\u00e9m moradora do bairro vizinho Guaratiba, Genilda de Moura, de 61 anos, estava aguardando para fazer o eletrocardiograma. Com o pedido m\u00e9dico em m\u00e3os h\u00e1 15 dias, elogiou a rapidez que o caminh\u00e3o da sa\u00fade proporcionou aos moradores da regi\u00e3o.<\/p>\n\n\n\n<p>\u201cEu nunca imaginei que pudesse existir esse caminh\u00e3o. A mo\u00e7a do posto de sa\u00fade me ligou marcando e eu vim. Estou achando muito r\u00e1pido o atendimento e aqui ficou melhor para n\u00f3s, pois Ponta Negra \u00e9 um bairro mais perto de Guaratiba do que no Centro, ent\u00e3o n\u00e3o preciso me deslocar para muito longe. Isso ajuda muito tamb\u00e9m\u201d, completou.&nbsp;<\/p>\n\n\n\n<p>De acordo com a secret\u00e1ria da pasta, Simone Costa, o caminh\u00e3o estar\u00e1 dispon\u00edvel apenas para atender pacientes agendados e encaminhados pelas unidades de sa\u00fade de seus respectivos bairros, mediante a uma classifica\u00e7\u00e3o de risco feita por m\u00e9dicos especialistas da rede p\u00fablica de Maric\u00e1.<\/p>\n\n\n\n<p>\u201cO Sa\u00fade de Ponta a Ponta \u00e9 totalmente regulado, nenhum exame \u00e9 feito sem agendamento pr\u00e9vio\u201d, reafirma Simone Costa.&nbsp;<\/p>\n\n\n\n<p>\u201cO paciente n\u00e3o ser\u00e1 atendido apresentando apenas o pedido do exame. Todos os exames precisam ser obrigatoriamente marcados com anteced\u00eancia na unidade b\u00e1sica do bairro, vinculada a central de regula\u00e7\u00e3o, a qual, o paciente pertence\u201d, frisou a secret\u00e1ria.<\/p>\n\n\n\n<p><\/p>\n","protected":false},"excerpt":{"rendered":"<p>Ponta Negra foi o segundo bairro a receber o projeto itinerante \u201cSa\u00fade de Ponta a Ponta\u201d nesta segunda e ter\u00e7a-feira<\/p>\n","protected":false},"author":1,"featured_media":0,"comment_status":"open","ping_status":"open","sticky":false,"template":"","format":"standard","meta":{"colormag_page_container_layout":"default_layout","colormag_page_sidebar_layout":"default_layout","footnotes":""},"categories":[14],"tags":[],"class_list":["post-3511","post","type-post","status-publish","format-standard","hentry","category-bairros"],"amp_enabled":true,"_links":{"self":[{"href":"https:\/\/maricatotal.com.br\/site\/wp-json\/wp\/v2\/posts\/3511","targetHints":{"allow":["GET"]}}],"collection":[{"href":"https:\/\/maricatotal.com.br\/site\/wp-json\/wp\/v2\/posts"}],"about":[{"href":"https:\/\/maricatotal.com.br\/site\/wp-json\/wp\/v2\/types\/post"}],"author":[{"embeddable":true,"href":"https:\/\/maricatotal.com.br\/site\/wp-json\/wp\/v2\/users\/1"}],"replies":[{"embeddable":true,"href":"https:\/\/maricatotal.com.br\/site\/wp-json\/wp\/v2\/comments?post=3511"}],"version-history":[{"count":0,"href":"https:\/\/maricatotal.com.br\/site\/wp-json\/wp\/v2\/posts\/3511\/revisions"}],"wp:attachment":[{"href":"https:\/\/maricatotal.com.br\/site\/wp-json\/wp\/v2\/media?parent=3511"}],"wp:term":[{"taxonomy":"category","embeddable":true,"href":"https:\/\/maricatotal.com.br\/site\/wp-json\/wp\/v2\/categories?post=3511"},{"taxonomy":"post_tag","embeddable":true,"href":"https:\/\/maricatotal.com.br\/site\/wp-json\/wp\/v2\/tags?post=3511"}],"curies":[{"name":"wp","href":"https:\/\/api.w.org\/{rel}","templated":true}]}}