{"id":3514,"date":"2019-09-24T11:43:12","date_gmt":"2019-09-24T14:43:12","guid":{"rendered":"http:\/\/maricatotal.com.br\/site\/?p=3514"},"modified":"2019-09-24T11:43:15","modified_gmt":"2019-09-24T14:43:15","slug":"marica-comemora-dia-nacional-da-luta-da-pessoa-com-deficiencia","status":"publish","type":"post","link":"https:\/\/maricatotal.com.br\/site\/2019\/09\/24\/marica-comemora-dia-nacional-da-luta-da-pessoa-com-deficiencia\/","title":{"rendered":"MARIC\u00c1 COMEMORA DIA NACIONAL DA LUTA DA PESSOA COM DEFICI\u00caNCIA"},"content":{"rendered":"\n<figure class=\"wp-block-image\"><img loading=\"lazy\" decoding=\"async\" width=\"1024\" height=\"768\" src=\"http:\/\/maricatotal.com.br\/site\/wp-content\/uploads\/2019\/09\/F9DA8A37-8DF8-4CA1-A919-C612DA68B986-1024x768.jpeg\" alt=\"\" class=\"wp-image-3515\" srcset=\"https:\/\/maricatotal.com.br\/site\/wp-content\/uploads\/2019\/09\/F9DA8A37-8DF8-4CA1-A919-C612DA68B986-1024x768.jpeg 1024w, https:\/\/maricatotal.com.br\/site\/wp-content\/uploads\/2019\/09\/F9DA8A37-8DF8-4CA1-A919-C612DA68B986-300x225.jpeg 300w, https:\/\/maricatotal.com.br\/site\/wp-content\/uploads\/2019\/09\/F9DA8A37-8DF8-4CA1-A919-C612DA68B986-768x576.jpeg 768w, https:\/\/maricatotal.com.br\/site\/wp-content\/uploads\/2019\/09\/F9DA8A37-8DF8-4CA1-A919-C612DA68B986.jpeg 1152w\" sizes=\"auto, (max-width: 1024px) 100vw, 1024px\" \/><\/figure>\n\n\n\n<p>A comemora\u00e7\u00e3o pelo Dia Nacional da Luta da Pessoa com Defici\u00eancia, promovida pela&nbsp;Secretaria de Pol\u00edticas Inclusivas no dia 21\/09, na Pra\u00e7a&nbsp;Tiradentes (Ara\u00e7atiba) contou com apresenta\u00e7\u00f5es de dan\u00e7a, m\u00fasica, karat\u00ea, jiu-jitsu, muay thai, canoa havaiana e triciclos adaptados,&nbsp;al\u00e9m de atividades l\u00fadicas e a doa\u00e7\u00e3o de mudas de plantas no coco.<\/p>\n\n\n\n<p>Passaram pelo local, representantes e alunos do N\u00facleo de Atividades&nbsp;Interativas e Recreativas (NAIR), Conselho Municipal dos Direitos da&nbsp;Pessoa com Defici\u00eancia (Comdef Maric\u00e1), Associa\u00e7\u00e3o Pestalozzi de&nbsp;Maric\u00e1.<\/p>\n\n\n\n<p>\u201cTrouxemos esportes inclusivos para mostrar a todos que passaram por&nbsp;aqui que esse \u00e9 um dia de luta que temos que colocar em evid\u00eancia. S\u00f3&nbsp;temos que agradecer porque as pessoas vieram. Em Maric\u00e1 existe inclus\u00e3o\u201d, disse a secret\u00e1ria de Pol\u00edticas Inclusivas, Sheila Pinto.<\/p>\n\n\n\n<p>Convidado para apresentar o trabalho que desenvolve, Jhony Claper (32&nbsp;anos) arrasou na bateria. Morador do Engenho da Rainha (Rio de&nbsp;Janeiro), o rapaz tornou-se deficiente visual logo ap\u00f3s ter nascido&nbsp;prematuro e precisado passar seis meses na incubadora.<\/p>\n\n\n\n<p>\u201cComecei na m\u00fasica aos 5 anos, na igreja onde meu pai tocava. Eu&nbsp;ficava sempre muito pr\u00f3ximo da m\u00fasica e do som e me apaixonei ao ponto&nbsp;de deixar de brincar como as outras crian\u00e7as, para tocar bateria. Mas&nbsp;nada foi f\u00e1cil para mim, sempre tive que fazer muito esfor\u00e7o, porque&nbsp;eu n\u00e3o enxergava. As pr\u00f3prias pessoas da minha fam\u00edlia, olhavam para&nbsp;mim e n\u00e3o sabiam como ia ser\u201d, lembrou, antes de dizer o que esses&nbsp;epis\u00f3dios o ensinaram.<\/p>\n\n\n\n<p>\u201cA limita\u00e7\u00e3o n\u00e3o vem da defici\u00eancia, mas do cora\u00e7\u00e3o, do esfor\u00e7o que a&nbsp;pessoa faz ou n\u00e3o para batalhar. Porque \u00e0s vezes n\u00e3o depende dela&nbsp;poder ou n\u00e3o poder, mas dela n\u00e3o querer fazer. Todos n\u00f3s precisamos de&nbsp;ajuda para algumas coisas, sim. E isso \u00e9 natural. Mas n\u00f3s n\u00e3o podemos&nbsp;deixar que isso nos abata\u201d, afirmou.<\/p>\n\n\n\n<p>Vale destacar que as secretarias de Esporte e Lazer, Turismo, Cultura e&nbsp;Agricultura, Pecu\u00e1ria e Pesca tamb\u00e9m colaboraram com a atividade.<\/p>\n","protected":false},"excerpt":{"rendered":"<p>A comemora\u00e7\u00e3o pelo Dia Nacional da Luta da Pessoa com Defici\u00eancia, promovida pela&nbsp;Secretaria de Pol\u00edticas Inclusivas no dia 21\/09, na<\/p>\n","protected":false},"author":1,"featured_media":0,"comment_status":"open","ping_status":"open","sticky":false,"template":"","format":"standard","meta":{"colormag_page_container_layout":"default_layout","colormag_page_sidebar_layout":"default_layout","footnotes":""},"categories":[18],"tags":[],"class_list":["post-3514","post","type-post","status-publish","format-standard","hentry","category-entretenimento"],"amp_enabled":true,"_links":{"self":[{"href":"https:\/\/maricatotal.com.br\/site\/wp-json\/wp\/v2\/posts\/3514","targetHints":{"allow":["GET"]}}],"collection":[{"href":"https:\/\/maricatotal.com.br\/site\/wp-json\/wp\/v2\/posts"}],"about":[{"href":"https:\/\/maricatotal.com.br\/site\/wp-json\/wp\/v2\/types\/post"}],"author":[{"embeddable":true,"href":"https:\/\/maricatotal.com.br\/site\/wp-json\/wp\/v2\/users\/1"}],"replies":[{"embeddable":true,"href":"https:\/\/maricatotal.com.br\/site\/wp-json\/wp\/v2\/comments?post=3514"}],"version-history":[{"count":0,"href":"https:\/\/maricatotal.com.br\/site\/wp-json\/wp\/v2\/posts\/3514\/revisions"}],"wp:attachment":[{"href":"https:\/\/maricatotal.com.br\/site\/wp-json\/wp\/v2\/media?parent=3514"}],"wp:term":[{"taxonomy":"category","embeddable":true,"href":"https:\/\/maricatotal.com.br\/site\/wp-json\/wp\/v2\/categories?post=3514"},{"taxonomy":"post_tag","embeddable":true,"href":"https:\/\/maricatotal.com.br\/site\/wp-json\/wp\/v2\/tags?post=3514"}],"curies":[{"name":"wp","href":"https:\/\/api.w.org\/{rel}","templated":true}]}}