{"id":35182,"date":"2022-03-17T11:06:29","date_gmt":"2022-03-17T14:06:29","guid":{"rendered":"https:\/\/maricatotal.com.br\/site\/?p=35182"},"modified":"2022-03-29T00:47:33","modified_gmt":"2022-03-29T03:47:33","slug":"marica-superlotacao-em-salas-de-aula-na-escola-joana-benedicta-rangel-revolta-pais-de-alunos","status":"publish","type":"post","link":"https:\/\/maricatotal.com.br\/site\/2022\/03\/17\/marica-superlotacao-em-salas-de-aula-na-escola-joana-benedicta-rangel-revolta-pais-de-alunos\/","title":{"rendered":"Maric\u00e1: Superlota\u00e7\u00e3o em salas de aula na Escola Joana Benedicta Rangel revolta pais de alunos\u00a0\u00a0"},"content":{"rendered":"\n<p>Alunos da Rede Municipal de ensino do Centro Educacional Joana Benedicta Rangel, na Rua Nossa Senhora do Amparo, no Centro de Maric\u00e1, seguem reclamando com a superlota\u00e7\u00e3o nas salas de aula.<\/p>\n\n\n\n<p>De acordo com informa\u00e7\u00f5es, algumas salas de aulas est\u00e3o com mais de 50 alunos e sem ventiladores ou ar condicionado, prejudicando diariamente o aprendizado.<\/p>\n\n\n\n<p>Nesta quinta-feira houve uma reuni\u00e3o entre pais e a diretora da unidade escolar, mas nada foi resolvido.<\/p>\n\n\n\n<p>Os respons\u00e1veis pelos alunos pedem uma a\u00e7\u00e3o r\u00e1pida da Secretaria de Educa\u00e7\u00e3o de Maric\u00e1 para que o problema seja solucionado.&nbsp;<\/p>\n","protected":false},"excerpt":{"rendered":"<p>Alunos da Rede Municipal de ensino do Centro Educacional Joana Benedicta Rangel, na Rua Nossa Senhora do Amparo, no Centro<\/p>\n","protected":false},"author":1,"featured_media":35184,"comment_status":"open","ping_status":"open","sticky":false,"template":"","format":"standard","meta":{"colormag_page_container_layout":"default_layout","colormag_page_sidebar_layout":"default_layout","footnotes":""},"categories":[14],"tags":[],"class_list":["post-35182","post","type-post","status-publish","format-standard","has-post-thumbnail","hentry","category-bairros"],"amp_enabled":true,"_links":{"self":[{"href":"https:\/\/maricatotal.com.br\/site\/wp-json\/wp\/v2\/posts\/35182","targetHints":{"allow":["GET"]}}],"collection":[{"href":"https:\/\/maricatotal.com.br\/site\/wp-json\/wp\/v2\/posts"}],"about":[{"href":"https:\/\/maricatotal.com.br\/site\/wp-json\/wp\/v2\/types\/post"}],"author":[{"embeddable":true,"href":"https:\/\/maricatotal.com.br\/site\/wp-json\/wp\/v2\/users\/1"}],"replies":[{"embeddable":true,"href":"https:\/\/maricatotal.com.br\/site\/wp-json\/wp\/v2\/comments?post=35182"}],"version-history":[{"count":1,"href":"https:\/\/maricatotal.com.br\/site\/wp-json\/wp\/v2\/posts\/35182\/revisions"}],"predecessor-version":[{"id":35185,"href":"https:\/\/maricatotal.com.br\/site\/wp-json\/wp\/v2\/posts\/35182\/revisions\/35185"}],"wp:featuredmedia":[{"embeddable":true,"href":"https:\/\/maricatotal.com.br\/site\/wp-json\/wp\/v2\/media\/35184"}],"wp:attachment":[{"href":"https:\/\/maricatotal.com.br\/site\/wp-json\/wp\/v2\/media?parent=35182"}],"wp:term":[{"taxonomy":"category","embeddable":true,"href":"https:\/\/maricatotal.com.br\/site\/wp-json\/wp\/v2\/categories?post=35182"},{"taxonomy":"post_tag","embeddable":true,"href":"https:\/\/maricatotal.com.br\/site\/wp-json\/wp\/v2\/tags?post=35182"}],"curies":[{"name":"wp","href":"https:\/\/api.w.org\/{rel}","templated":true}]}}