{"id":35278,"date":"2022-03-21T07:42:53","date_gmt":"2022-03-21T10:42:53","guid":{"rendered":"https:\/\/maricatotal.com.br\/site\/?p=35278"},"modified":"2022-03-29T00:51:14","modified_gmt":"2022-03-29T03:51:14","slug":"veja-como-fica-o-tempo-na-primeira-semana-do-outono-em-marica","status":"publish","type":"post","link":"https:\/\/maricatotal.com.br\/site\/2022\/03\/21\/veja-como-fica-o-tempo-na-primeira-semana-do-outono-em-marica\/","title":{"rendered":"Veja como fica o tempo na primeira semana do outono em Maric\u00e1\u00a0"},"content":{"rendered":"\n<p><br>Maric\u00e1 j\u00e1 iniciou o dia com chuva nesta segunda-feira (21), e ir\u00e1 permanecer por mais alguns dias na primeira semana do outono.<\/p>\n\n\n\n<p>A cidade do Leste Fluminense vinha registrando muito calor diariamente, mas o tempo esfriou e a chuva j\u00e1 apareceu, com a temperatura m\u00ednima em 21\u00baC e a m\u00e1xima em 25\u00baC hoje.<\/p>\n\n\n\n<p>J\u00e1 na ter\u00e7a e quarta-feira, o sol volta a aparecer no munic\u00edpio mas com pancadas de chuva a qualquer momento. A temperatura ir\u00e1 variar entre 20\u00b0C e 27\u00baC durante os dois dias.<\/p>\n\n\n\n<p>O sol volta aparecer com intensidade na quinta e sexta, sem previs\u00e3o de chuva para ambos os dias. As nuvens v\u00e3o embora e a temperatura chegar\u00e1 em 30\u00b0C.<\/p>\n","protected":false},"excerpt":{"rendered":"<p>Maric\u00e1 j\u00e1 iniciou o dia com chuva nesta segunda-feira (21), e ir\u00e1 permanecer por mais alguns dias na primeira semana<\/p>\n","protected":false},"author":1,"featured_media":35279,"comment_status":"open","ping_status":"open","sticky":false,"template":"","format":"standard","meta":{"colormag_page_container_layout":"default_layout","colormag_page_sidebar_layout":"default_layout","footnotes":""},"categories":[14],"tags":[],"class_list":["post-35278","post","type-post","status-publish","format-standard","has-post-thumbnail","hentry","category-bairros"],"amp_enabled":true,"_links":{"self":[{"href":"https:\/\/maricatotal.com.br\/site\/wp-json\/wp\/v2\/posts\/35278","targetHints":{"allow":["GET"]}}],"collection":[{"href":"https:\/\/maricatotal.com.br\/site\/wp-json\/wp\/v2\/posts"}],"about":[{"href":"https:\/\/maricatotal.com.br\/site\/wp-json\/wp\/v2\/types\/post"}],"author":[{"embeddable":true,"href":"https:\/\/maricatotal.com.br\/site\/wp-json\/wp\/v2\/users\/1"}],"replies":[{"embeddable":true,"href":"https:\/\/maricatotal.com.br\/site\/wp-json\/wp\/v2\/comments?post=35278"}],"version-history":[{"count":2,"href":"https:\/\/maricatotal.com.br\/site\/wp-json\/wp\/v2\/posts\/35278\/revisions"}],"predecessor-version":[{"id":35283,"href":"https:\/\/maricatotal.com.br\/site\/wp-json\/wp\/v2\/posts\/35278\/revisions\/35283"}],"wp:featuredmedia":[{"embeddable":true,"href":"https:\/\/maricatotal.com.br\/site\/wp-json\/wp\/v2\/media\/35279"}],"wp:attachment":[{"href":"https:\/\/maricatotal.com.br\/site\/wp-json\/wp\/v2\/media?parent=35278"}],"wp:term":[{"taxonomy":"category","embeddable":true,"href":"https:\/\/maricatotal.com.br\/site\/wp-json\/wp\/v2\/categories?post=35278"},{"taxonomy":"post_tag","embeddable":true,"href":"https:\/\/maricatotal.com.br\/site\/wp-json\/wp\/v2\/tags?post=35278"}],"curies":[{"name":"wp","href":"https:\/\/api.w.org\/{rel}","templated":true}]}}