{"id":35284,"date":"2022-03-21T07:47:42","date_gmt":"2022-03-21T10:47:42","guid":{"rendered":"https:\/\/maricatotal.com.br\/site\/?p=35284"},"modified":"2022-03-29T00:51:19","modified_gmt":"2022-03-29T03:51:19","slug":"marica-quatorze-caes-e-gatos-ganham-novo-lar","status":"publish","type":"post","link":"https:\/\/maricatotal.com.br\/site\/2022\/03\/21\/marica-quatorze-caes-e-gatos-ganham-novo-lar\/","title":{"rendered":"Maric\u00e1: Quatorze c\u00e3es e gatos ganham novo lar\u00a0"},"content":{"rendered":"\n<p>A Prefeitura de Maric\u00e1, por meio da Coordenadoria Especial de Prote\u00e7\u00e3o Animal (Cepa),&nbsp; promoveu neste domingo (20\/03) mais uma campanha de ado\u00e7\u00e3o. Ao todo, 14 animais, sendo dez c\u00e3es e quatro gatos, ganharam um novo lar. A iniciativa aconteceu no estacionamento do Shopping Boulevard Maric\u00e1, no Centro.<\/p>\n\n\n\n<p>Moradora do Centro, Paula Celestino, de 28 anos, levou o filho Bento, de 4 anos, para adotar um c\u00e3o.<\/p>\n\n\n\n<p>\u201cEle sempre me pedia um cachorro. Quando estamos em locais que t\u00eam cachorros ele sempre aproveita para brincar. Soube da feira e vim hoje escolher um amiguinho pra ele. Ainda n\u00e3o tem nome porque vamos decidir em casa\u201d, disse Paula.<\/p>\n\n\n\n<p>J\u00e1 Daniele Cardoso, de 39 anos, t\u00eam duas cadelas e uma gata e decidiu adotar mais uma f\u00eamea.<\/p>\n\n\n\n<p>\u201cJ\u00e1 tinha a inten\u00e7\u00e3o de adotar mais uma cadelinha. Vimos pelas redes sociais que ia ter a feira e resolvemos vir aqui hoje. Me encantei por ela\u201d, afirmou Daniele, que deu o nome de Nina \u00e0 nova mascote da fam\u00edlia.<\/p>\n\n\n\n<p><strong>Cerca de 300 animais adotados em 2021<\/strong><\/p>\n\n\n\n<p>O coordenador de Prote\u00e7\u00e3o Animal Fabiano Novais disse que no ano passado 297 animais, entre c\u00e3es e gatos, foram adotados. Em 2022, 43 ganharam um novo lar.<\/p>\n\n\n\n<p>Segundo o coordenador, a castra\u00e7\u00e3o gratuita est\u00e1 garantida para quem adota na feira um animal com menos de cinco meses.<\/p>\n\n\n\n<p>\u201cQuando ainda \u00e9 filhote, fazemos o cadastro da pessoa respons\u00e1vel. Aos cinco meses&nbsp; completos s\u00e3o feitos os exames para castra\u00e7\u00e3o gratuita\u201d, disse Fabiano.<\/p>\n","protected":false},"excerpt":{"rendered":"<p>A Prefeitura de Maric\u00e1, por meio da Coordenadoria Especial de Prote\u00e7\u00e3o Animal (Cepa),&nbsp; promoveu neste domingo (20\/03) mais uma campanha<\/p>\n","protected":false},"author":1,"featured_media":35286,"comment_status":"open","ping_status":"open","sticky":false,"template":"","format":"standard","meta":{"colormag_page_container_layout":"default_layout","colormag_page_sidebar_layout":"default_layout","footnotes":""},"categories":[18],"tags":[],"class_list":["post-35284","post","type-post","status-publish","format-standard","has-post-thumbnail","hentry","category-entretenimento"],"amp_enabled":true,"_links":{"self":[{"href":"https:\/\/maricatotal.com.br\/site\/wp-json\/wp\/v2\/posts\/35284","targetHints":{"allow":["GET"]}}],"collection":[{"href":"https:\/\/maricatotal.com.br\/site\/wp-json\/wp\/v2\/posts"}],"about":[{"href":"https:\/\/maricatotal.com.br\/site\/wp-json\/wp\/v2\/types\/post"}],"author":[{"embeddable":true,"href":"https:\/\/maricatotal.com.br\/site\/wp-json\/wp\/v2\/users\/1"}],"replies":[{"embeddable":true,"href":"https:\/\/maricatotal.com.br\/site\/wp-json\/wp\/v2\/comments?post=35284"}],"version-history":[{"count":1,"href":"https:\/\/maricatotal.com.br\/site\/wp-json\/wp\/v2\/posts\/35284\/revisions"}],"predecessor-version":[{"id":35287,"href":"https:\/\/maricatotal.com.br\/site\/wp-json\/wp\/v2\/posts\/35284\/revisions\/35287"}],"wp:featuredmedia":[{"embeddable":true,"href":"https:\/\/maricatotal.com.br\/site\/wp-json\/wp\/v2\/media\/35286"}],"wp:attachment":[{"href":"https:\/\/maricatotal.com.br\/site\/wp-json\/wp\/v2\/media?parent=35284"}],"wp:term":[{"taxonomy":"category","embeddable":true,"href":"https:\/\/maricatotal.com.br\/site\/wp-json\/wp\/v2\/categories?post=35284"},{"taxonomy":"post_tag","embeddable":true,"href":"https:\/\/maricatotal.com.br\/site\/wp-json\/wp\/v2\/tags?post=35284"}],"curies":[{"name":"wp","href":"https:\/\/api.w.org\/{rel}","templated":true}]}}