{"id":35289,"date":"2022-03-21T07:51:37","date_gmt":"2022-03-21T10:51:37","guid":{"rendered":"https:\/\/maricatotal.com.br\/site\/?p=35289"},"modified":"2022-03-29T00:51:24","modified_gmt":"2022-03-29T03:51:24","slug":"feira-de-jacaroa-incentiva-a-saude-com-alimentos-naturais","status":"publish","type":"post","link":"https:\/\/maricatotal.com.br\/site\/2022\/03\/21\/feira-de-jacaroa-incentiva-a-saude-com-alimentos-naturais\/","title":{"rendered":"Feira de Jacaro\u00e1 incentiva \u00e0 sa\u00fade com alimentos naturais\u00a0"},"content":{"rendered":"\n<p>Com apoio da Prefeitura de Maric\u00e1, a segunda edi\u00e7\u00e3o da Feira Comunit\u00e1ria de Jacaro\u00e1&nbsp;movimentou o bairro neste domingo (20\/03). Ao todo, 23 expositores ofereceram produtos org\u00e2nicos, gastronomia exclusiva, artesanato local e ind\u00edgena, massas frescas, p\u00e3o com lingui\u00e7a, p\u00e3es, bolos, geleias, sorvetes e lanches artesanais, al\u00e9m de m\u00fasica e terapias naturais.<\/p>\n\n\n\n<p>Uma das atra\u00e7\u00f5es foi o \u2018jacaraj\u00e9\u2019 \u2013 um petisco criado especialmente para o evento: acaraj\u00e9 de jaca, al\u00e9m de cosm\u00e9ticos naturais.<\/p>\n\n\n\n<p>\u201cEu sou baiana e quis trazer um pouco da minha raiz com essa releitura do acaraj\u00e9, mas com uma pegada mais crocante. Criei esse prato exclusivo, com os bolinhos fritos no dend\u00ea. Tem a vers\u00e3o de camar\u00e3o e a vegana, com castanha de caju\u201d, disse a chef de cozinha Rosana Lobato, presidente da cooperativa e organizadora da feira.<\/p>\n\n\n\n<p>Quem experimentou o petisco foi Rubem Pereira, de 73 anos, morador da Ponte Preta, que aprovou a iguaria.<\/p>\n\n\n\n<p>\u201cMuito bom. Comi o vegano, achei a massa leve e n\u00e3o tem pimenta. N\u00e3o gosto do acaraj\u00e9 por ser muito apimentado, mas esse com castanha-do-par\u00e1 eu gostei\u201d, disse Rubem.<\/p>\n\n\n\n<p><strong>Feira no calend\u00e1rio de eventos de Maric\u00e1&nbsp;<\/strong><\/p>\n\n\n\n<p>O evento poder\u00e1 entrar para o calend\u00e1rio oficial da cidade e a pr\u00f3xima edi\u00e7\u00e3o est\u00e1 prevista para o m\u00eas que vem, em data que ser\u00e1 definida.<\/p>\n\n\n\n<p>\u201cTemos uma vis\u00e3o comunit\u00e1ria de trabalho em nosso grupo, onde incentivamos a produ\u00e7\u00e3o local com identidade e qualidade. Estamos tendo uma boa aceita\u00e7\u00e3o, tanto dos moradores quanto do poder p\u00fablico, ambos apoiando nossa iniciativa\u201d, disse Rosana.<\/p>\n\n\n\n<p>Para o secret\u00e1rio de Economia Solid\u00e1ria, Adalton Mendon\u00e7a, a primeira edi\u00e7\u00e3o mostrou que a parceria entre os \u00f3rg\u00e3os do governo com a cooperativa tem dado certo e deve se prolongar.<\/p>\n\n\n\n<p>\u201cEste \u00e9 mais um evento do nosso circuito de feiras livres. Os propriet\u00e1rios dos bares e restaurantes do bairro tamb\u00e9m ficaram bastante felizes porque apreciam este movimento\u2019, afirmou o secret\u00e1rio.<\/p>\n\n\n\n<p>Organizado pela Cooperativa de Alimentos Saud\u00e1veis de Maric\u00e1 (COPAS), a feira tem apoio das secretarias municipais de Economia Solid\u00e1ria; Cultura; Turismo; Promo\u00e7\u00e3o e Projetos Especiais; e Desenvolvimento Econ\u00f4mico, Com\u00e9rcio, Ind\u00fastria, Petr\u00f3leo e Portos.<\/p>\n","protected":false},"excerpt":{"rendered":"<p>Com apoio da Prefeitura de Maric\u00e1, a segunda edi\u00e7\u00e3o da Feira Comunit\u00e1ria de Jacaro\u00e1&nbsp;movimentou o bairro neste domingo (20\/03). Ao<\/p>\n","protected":false},"author":1,"featured_media":35291,"comment_status":"open","ping_status":"open","sticky":false,"template":"","format":"standard","meta":{"colormag_page_container_layout":"default_layout","colormag_page_sidebar_layout":"default_layout","footnotes":""},"categories":[18],"tags":[],"class_list":["post-35289","post","type-post","status-publish","format-standard","has-post-thumbnail","hentry","category-entretenimento"],"amp_enabled":true,"_links":{"self":[{"href":"https:\/\/maricatotal.com.br\/site\/wp-json\/wp\/v2\/posts\/35289","targetHints":{"allow":["GET"]}}],"collection":[{"href":"https:\/\/maricatotal.com.br\/site\/wp-json\/wp\/v2\/posts"}],"about":[{"href":"https:\/\/maricatotal.com.br\/site\/wp-json\/wp\/v2\/types\/post"}],"author":[{"embeddable":true,"href":"https:\/\/maricatotal.com.br\/site\/wp-json\/wp\/v2\/users\/1"}],"replies":[{"embeddable":true,"href":"https:\/\/maricatotal.com.br\/site\/wp-json\/wp\/v2\/comments?post=35289"}],"version-history":[{"count":1,"href":"https:\/\/maricatotal.com.br\/site\/wp-json\/wp\/v2\/posts\/35289\/revisions"}],"predecessor-version":[{"id":35292,"href":"https:\/\/maricatotal.com.br\/site\/wp-json\/wp\/v2\/posts\/35289\/revisions\/35292"}],"wp:featuredmedia":[{"embeddable":true,"href":"https:\/\/maricatotal.com.br\/site\/wp-json\/wp\/v2\/media\/35291"}],"wp:attachment":[{"href":"https:\/\/maricatotal.com.br\/site\/wp-json\/wp\/v2\/media?parent=35289"}],"wp:term":[{"taxonomy":"category","embeddable":true,"href":"https:\/\/maricatotal.com.br\/site\/wp-json\/wp\/v2\/categories?post=35289"},{"taxonomy":"post_tag","embeddable":true,"href":"https:\/\/maricatotal.com.br\/site\/wp-json\/wp\/v2\/tags?post=35289"}],"curies":[{"name":"wp","href":"https:\/\/api.w.org\/{rel}","templated":true}]}}