{"id":35310,"date":"2022-03-21T11:59:27","date_gmt":"2022-03-21T14:59:27","guid":{"rendered":"https:\/\/maricatotal.com.br\/site\/?p=35310"},"modified":"2022-03-29T00:51:34","modified_gmt":"2022-03-29T03:51:34","slug":"marica-prefeitura-e-ufrj-assinam-convenio-para-desenvolver-trabalhos-de-pesquisa-e-inovacao","status":"publish","type":"post","link":"https:\/\/maricatotal.com.br\/site\/2022\/03\/21\/marica-prefeitura-e-ufrj-assinam-convenio-para-desenvolver-trabalhos-de-pesquisa-e-inovacao\/","title":{"rendered":"Maric\u00e1: Prefeitura e UFRJ assinam conv\u00eanio para desenvolver trabalhos de pesquisa e inova\u00e7\u00e3o\u00a0"},"content":{"rendered":"\n<p>A Prefeitura de Maric\u00e1, por meio do Instituto de Ci\u00eancia, Tecnologia e Inova\u00e7\u00e3o de Maric\u00e1 (ICTIM), firmou nesta sexta-feira (18\/03) uma parceria com a Universidade Federal do Rio de Janeiro (UFRJ) para desenvolver trabalhos de Pesquisa, Desenvolvimento e Inova\u00e7\u00e3o (PD&amp;I).<\/p>\n\n\n\n<p>Um dos principais objetivos do projeto \u00e9 desenvolver uma economia inovadora e din\u00e2mica, com a qualifica\u00e7\u00e3o de empreendedores por meio do conceito da Economia da Funcionalidade e da Coopera\u00e7\u00e3o (EFC). Outro destaque \u00e9 a busca do fortalecimento do programa Passaporte Universit\u00e1rio, por meio de projetos de Inicia\u00e7\u00e3o Cient\u00edfica e atividades de pesquisa.<\/p>\n\n\n\n<p>O conv\u00eanio prev\u00ea tamb\u00e9m a oferta de bolsas de mestrado, doutorado e inicia\u00e7\u00e3o cient\u00edfica ao longo de quatro anos, cujo objetivo \u00e9 desenvolver pesquisas tendo como centro do debate o munic\u00edpio de Maric\u00e1. A iniciativa busca o desenvolvimento de ecossistemas cooperativos em diferentes \u00e1reas, tais como produ\u00e7\u00e3o de alimentos org\u00e2nicos, o bem-viver alimentar, sa\u00fade p\u00fablica, turismo, cultura e economia criativa. Estas \u00e1reas est\u00e3o definidas de acordo com a Estrat\u00e9gia Municipal de Ci\u00eancia, Tecnologia e Inova\u00e7\u00e3o de Maric\u00e1 desenvolvida pelo ICTIM em 2020.<\/p>\n\n\n\n<p>O projeto est\u00e1 alinhado com um novo modelo econ\u00f4mico para produ\u00e7\u00e3o de alimentos e de gera\u00e7\u00e3o de renda em Maric\u00e1, como uma nova forma de produzir sem causar danos ao meio ambiente. A forma inusitada de produ\u00e7\u00e3o foi tratada com o pesquisador da Universidade de Paris Christian du Tetre, e ser\u00e1 levada aos alunos futuramente e a produtores familiares da cidade. Ao longo do conv\u00eanio, outras visitas est\u00e3o programadas para o acompanhamento do processo de transi\u00e7\u00e3o para novas formas de produ\u00e7\u00e3o de riqueza. Por meio deste conv\u00eanio, essas pesquisas ser\u00e3o aprofundadas para desenvolvimento local.<\/p>\n\n\n\n<p>O projeto funcionar\u00e1 na sede da Incubadora de Inova\u00e7\u00e3o Social e Tecnologia, que est\u00e1 em processo de instala\u00e7\u00e3o no Centro de Itaipua\u00e7u.<\/p>\n\n\n\n<p><strong>Projetos&nbsp;de inova\u00e7\u00e3o tecnol\u00f3gica<\/strong><\/p>\n\n\n\n<p>Diversos projetos que est\u00e3o sendo desenvolvidos na \u00e1rea de inova\u00e7\u00e3o tecnol\u00f3gica ser\u00e3o acompanhados a partir deste conv\u00eanio. O diretor-presidente do ICTIM, Celso Pansera, ressaltou que a parceria visa o gerenciamento e o desenvolvimento da nova economia do munic\u00edpio de Maric\u00e1 em todas as \u00e1reas.<\/p>\n\n\n\n<p>Ele explicou que o programa dos cursos de mestrado e doutorado ter\u00e1 acompanhamento, consultoria e publica\u00e7\u00e3o de estudos cient\u00edficos sobre os principais projetos da autarquia e de outros \u00f3rg\u00e3os da Prefeitura de Maric\u00e1.<\/p>\n\n\n\n<p>\u201cCom essa parceria, a universidade cumpre efetivamente a sua fun\u00e7\u00e3o social, interagindo e entregando para a sociedade novas formas de resolver os seus respectivos problemas\u201d, disse a reitora da UFRJ, Denise Carvalho.<\/p>\n\n\n\n<p>O encontro tamb\u00e9m teve a participa\u00e7\u00e3o do diretor executivo da Funda\u00e7\u00e3o Coppetec, Fernando Peregrino: \u201c\u00c9 uma oportunidade de desenvolver o saber cient\u00edfico que se produz aqui. Estou muito honrado em ver que a funda\u00e7\u00e3o est\u00e1 cumprindo seu mandato, que \u00e9 fazer o elo de liga\u00e7\u00e3o entre a academia, os laborat\u00f3rios e a comunidade e a sociedade\u201d, acrescentou Peregrino.<\/p>\n","protected":false},"excerpt":{"rendered":"<p>A Prefeitura de Maric\u00e1, por meio do Instituto de Ci\u00eancia, Tecnologia e Inova\u00e7\u00e3o de Maric\u00e1 (ICTIM), firmou nesta sexta-feira (18\/03)<\/p>\n","protected":false},"author":1,"featured_media":35311,"comment_status":"open","ping_status":"open","sticky":false,"template":"","format":"standard","meta":{"colormag_page_container_layout":"default_layout","colormag_page_sidebar_layout":"default_layout","footnotes":""},"categories":[17],"tags":[],"class_list":["post-35310","post","type-post","status-publish","format-standard","has-post-thumbnail","hentry","category-politica"],"amp_enabled":true,"_links":{"self":[{"href":"https:\/\/maricatotal.com.br\/site\/wp-json\/wp\/v2\/posts\/35310","targetHints":{"allow":["GET"]}}],"collection":[{"href":"https:\/\/maricatotal.com.br\/site\/wp-json\/wp\/v2\/posts"}],"about":[{"href":"https:\/\/maricatotal.com.br\/site\/wp-json\/wp\/v2\/types\/post"}],"author":[{"embeddable":true,"href":"https:\/\/maricatotal.com.br\/site\/wp-json\/wp\/v2\/users\/1"}],"replies":[{"embeddable":true,"href":"https:\/\/maricatotal.com.br\/site\/wp-json\/wp\/v2\/comments?post=35310"}],"version-history":[{"count":1,"href":"https:\/\/maricatotal.com.br\/site\/wp-json\/wp\/v2\/posts\/35310\/revisions"}],"predecessor-version":[{"id":35312,"href":"https:\/\/maricatotal.com.br\/site\/wp-json\/wp\/v2\/posts\/35310\/revisions\/35312"}],"wp:featuredmedia":[{"embeddable":true,"href":"https:\/\/maricatotal.com.br\/site\/wp-json\/wp\/v2\/media\/35311"}],"wp:attachment":[{"href":"https:\/\/maricatotal.com.br\/site\/wp-json\/wp\/v2\/media?parent=35310"}],"wp:term":[{"taxonomy":"category","embeddable":true,"href":"https:\/\/maricatotal.com.br\/site\/wp-json\/wp\/v2\/categories?post=35310"},{"taxonomy":"post_tag","embeddable":true,"href":"https:\/\/maricatotal.com.br\/site\/wp-json\/wp\/v2\/tags?post=35310"}],"curies":[{"name":"wp","href":"https:\/\/api.w.org\/{rel}","templated":true}]}}