{"id":35409,"date":"2022-03-23T10:43:24","date_gmt":"2022-03-23T13:43:24","guid":{"rendered":"https:\/\/maricatotal.com.br\/site\/?p=35409"},"modified":"2022-03-29T00:53:14","modified_gmt":"2022-03-29T03:53:14","slug":"vereadores-aprovam-em-segundo-turno-criacao-do-programa-municipal-de-arte-e-cultura","status":"publish","type":"post","link":"https:\/\/maricatotal.com.br\/site\/2022\/03\/23\/vereadores-aprovam-em-segundo-turno-criacao-do-programa-municipal-de-arte-e-cultura\/","title":{"rendered":"Vereadores aprovam, em segundo turno, cria\u00e7\u00e3o do Programa Municipal de Arte e Cultura\u00a0"},"content":{"rendered":"\n<p>Durante sess\u00e3o ordin\u00e1ria desta segunda-feira (21), foi votado e aprovado, em segundo turno, o Projeto de Lei n\u00ba 23\/2021, de autoria do Poder Executivo, que institui o Programa Municipal de Arte e Cultura \u2013 PROAC, que disp\u00f5e sobre a realiza\u00e7\u00e3o de projetos culturais, estabelece o sistema municipal de cultura e cria o Conselho Municipal de Pol\u00edtica Cultural.&nbsp;Os vereadores votaram tamb\u00e9m, em segundo turno, o projeto de lei, de autoria do vereador Netuno, que pro\u00edbe o vilip\u00eandio de dogmas e cren\u00e7as relativas \u00e0 religi\u00e3o crist\u00e3 sob forma de s\u00e1tira, ridiculariza\u00e7\u00e3o e menosprezo.<\/p>\n\n\n\n<p>Tamb\u00e9m foi votado, em segundo turno, o PL, de autoria do vereador Rony Peterson, que obrigada agressores que cometerem o crime de maus-tratos arcarem com as despesas do tratamento do animal agredido. Os vereadores votaram, em primeiro turno, o Projeto de Lei n\u00ba 84\/2021, de autoria do vereador Dr. Felipe Auni, que disp\u00f5e sobre a obrigatoriedade das concession\u00e1rias de servi\u00e7os p\u00fablicos a oferecerem a op\u00e7\u00e3o de pagamento antes da suspens\u00e3o do servi\u00e7o no munic\u00edpio.<\/p>\n\n\n\n<p>Foram votados, em primeiro turno, dois projetos de autoria do presidente da C\u00e2mara, Aldair de Linda, que nomeia como Rua Maria Terezinha dos Santos a atual Rua 64, em Jardim Balne\u00e1rio Bambu\u00ed; e como Rua Bertoldo Pereira Filho, a atual rua 57. Os vereadores votaram, em segundo turno, o PL de autoria do vereador Robgol, que inclui no calend\u00e1rio oficial do munic\u00edpio de Maric\u00e1 a Ta\u00e7a da Cidade de Futebol Amador.&nbsp; Os projetos foram votados e aprovados.<\/p>\n\n\n\n<p><strong>Atropelamento \u2013<\/strong>&nbsp;Os vereadores lamentaram a morte da adolescente de 13 anos que faleceu v\u00edtima de atropelamento no bairro Parque Nanci. Eles pediram mobiliza\u00e7\u00e3o do Departamento de Estradas e Rodagens (DER) para que seja implantada uma passarela no local.&nbsp; O presidente da C\u00e2mara, Aldair de Linda, informou que enviar\u00e1 um pedido ao presidente da Alerj, Andr\u00e9 Siciliano para que solicitem que a obra seja feita no local. Vereadores como Cemar e Robgol fizeram indica\u00e7\u00f5es solicitando a travessia mais segura.&nbsp;A vereadora Andrea Cunha aproveitou para lembrar da necessidade da implanta\u00e7\u00e3o de uma passarela no local, j\u00e1 que ali h\u00e1 a&nbsp;&nbsp;Casa do Autista.&nbsp;<\/p>\n","protected":false},"excerpt":{"rendered":"<p>Durante sess\u00e3o ordin\u00e1ria desta segunda-feira (21), foi votado e aprovado, em segundo turno, o Projeto de Lei n\u00ba 23\/2021, de<\/p>\n","protected":false},"author":1,"featured_media":35410,"comment_status":"open","ping_status":"open","sticky":false,"template":"","format":"standard","meta":{"colormag_page_container_layout":"default_layout","colormag_page_sidebar_layout":"default_layout","footnotes":""},"categories":[17],"tags":[],"class_list":["post-35409","post","type-post","status-publish","format-standard","has-post-thumbnail","hentry","category-politica"],"amp_enabled":true,"_links":{"self":[{"href":"https:\/\/maricatotal.com.br\/site\/wp-json\/wp\/v2\/posts\/35409","targetHints":{"allow":["GET"]}}],"collection":[{"href":"https:\/\/maricatotal.com.br\/site\/wp-json\/wp\/v2\/posts"}],"about":[{"href":"https:\/\/maricatotal.com.br\/site\/wp-json\/wp\/v2\/types\/post"}],"author":[{"embeddable":true,"href":"https:\/\/maricatotal.com.br\/site\/wp-json\/wp\/v2\/users\/1"}],"replies":[{"embeddable":true,"href":"https:\/\/maricatotal.com.br\/site\/wp-json\/wp\/v2\/comments?post=35409"}],"version-history":[{"count":1,"href":"https:\/\/maricatotal.com.br\/site\/wp-json\/wp\/v2\/posts\/35409\/revisions"}],"predecessor-version":[{"id":35411,"href":"https:\/\/maricatotal.com.br\/site\/wp-json\/wp\/v2\/posts\/35409\/revisions\/35411"}],"wp:featuredmedia":[{"embeddable":true,"href":"https:\/\/maricatotal.com.br\/site\/wp-json\/wp\/v2\/media\/35410"}],"wp:attachment":[{"href":"https:\/\/maricatotal.com.br\/site\/wp-json\/wp\/v2\/media?parent=35409"}],"wp:term":[{"taxonomy":"category","embeddable":true,"href":"https:\/\/maricatotal.com.br\/site\/wp-json\/wp\/v2\/categories?post=35409"},{"taxonomy":"post_tag","embeddable":true,"href":"https:\/\/maricatotal.com.br\/site\/wp-json\/wp\/v2\/tags?post=35409"}],"curies":[{"name":"wp","href":"https:\/\/api.w.org\/{rel}","templated":true}]}}