{"id":35446,"date":"2022-03-24T07:42:02","date_gmt":"2022-03-24T10:42:02","guid":{"rendered":"https:\/\/maricatotal.com.br\/site\/?p=35446"},"modified":"2022-03-29T00:53:58","modified_gmt":"2022-03-29T03:53:58","slug":"guarda-municipal-de-marica-visita-centro-integrado-da-pm-do-rio","status":"publish","type":"post","link":"https:\/\/maricatotal.com.br\/site\/2022\/03\/24\/guarda-municipal-de-marica-visita-centro-integrado-da-pm-do-rio\/","title":{"rendered":"Guarda Municipal de Maric\u00e1 visita centro integrado da PM do Rio\u00a0"},"content":{"rendered":"\n<p>A Prefeitura de Maric\u00e1, por meio da Secretaria de Ordem P\u00fablica e Gest\u00e3o de Gabinete Institucional, enviou, na ter\u00e7a-feira (22\/03), tr\u00eas guardas municipais para conhecerem as tecnologias e protocolos de atendimento adotados pela equipe do Centro Integrado de Comando e Controle da Pol\u00edcia Militar (CICC) do Rio de Janeiro.<\/p>\n\n\n\n<p>\u201cA ideia \u00e9 assimilar as boas pr\u00e1ticas e tentar aplic\u00e1-las dentro do nosso Centro Integrado de Opera\u00e7\u00f5es de Seguran\u00e7a P\u00fablica (CIOSP). \u00c9 interessante conhecer o funcionamento do sistema deles, os protocolos utilizados e tentar adequar \u00e0 nossa realidade, dentro das nossas ocorr\u00eancias que n\u00e3o s\u00e3o policiais, mas assistenciais de atendimento pela guarda municipal\u201d, disse o secret\u00e1rio de Ordem P\u00fablica e Gest\u00e3o de Gabinete Institucional, Rhonaltt Bueno.<\/p>\n\n\n\n<p><strong>Integra\u00e7\u00e3o pelo conhecimento<\/strong><\/p>\n\n\n\n<p>Durante a visita, o grupo foi acompanhado pelo coronel Contreiras, superintendente de Gest\u00e3o Integrada da Subsecretaria de Comando e Controle (SSCC); major Barreto, coordenador de Gest\u00e3o Integrada; major Maquinez, coordenador de Atendimento de Chamadas de Emerg\u00eancia; major Ferreira, coordenador de Desenvolvimento de Tecnologia da Informa\u00e7\u00e3o e Comunica\u00e7\u00e3o; pelo capit\u00e3o Marisol e pelo subtenente Enio.<\/p>\n\n\n\n<p>\u201cGostaria muito de agradecer o aprendizado. Tivemos as portas abertas para todas as nossas d\u00favidas. Oportunidades como essa t\u00eam muita import\u00e2ncia para quem quer atender nossa popula\u00e7\u00e3o com respeito e dedica\u00e7\u00e3o\u201d, declarou o coordenador adjunto do CIOSP e guarda municipal de Maric\u00e1, Ricardo Vianna.<\/p>\n\n\n\n<p>\u00c9 importante destacar que, com a expans\u00e3o das c\u00e2meras de monitoramento da cidade e com o projeto de implanta\u00e7\u00e3o da central telef\u00f4nica da Guarda Municipal pelo telefone 153, o Centro Integrado de Comando e Controle da Pol\u00edcia Militar (CICC) \u00e9 o referencial para o Centro Integrado de Opera\u00e7\u00f5es de Seguran\u00e7a P\u00fablica (CIOSP) de Maric\u00e1.<\/p>\n","protected":false},"excerpt":{"rendered":"<p>A Prefeitura de Maric\u00e1, por meio da Secretaria de Ordem P\u00fablica e Gest\u00e3o de Gabinete Institucional, enviou, na ter\u00e7a-feira (22\/03),<\/p>\n","protected":false},"author":1,"featured_media":35447,"comment_status":"open","ping_status":"open","sticky":false,"template":"","format":"standard","meta":{"colormag_page_container_layout":"default_layout","colormag_page_sidebar_layout":"default_layout","footnotes":""},"categories":[18,17],"tags":[],"class_list":["post-35446","post","type-post","status-publish","format-standard","has-post-thumbnail","hentry","category-entretenimento","category-politica"],"amp_enabled":true,"_links":{"self":[{"href":"https:\/\/maricatotal.com.br\/site\/wp-json\/wp\/v2\/posts\/35446","targetHints":{"allow":["GET"]}}],"collection":[{"href":"https:\/\/maricatotal.com.br\/site\/wp-json\/wp\/v2\/posts"}],"about":[{"href":"https:\/\/maricatotal.com.br\/site\/wp-json\/wp\/v2\/types\/post"}],"author":[{"embeddable":true,"href":"https:\/\/maricatotal.com.br\/site\/wp-json\/wp\/v2\/users\/1"}],"replies":[{"embeddable":true,"href":"https:\/\/maricatotal.com.br\/site\/wp-json\/wp\/v2\/comments?post=35446"}],"version-history":[{"count":1,"href":"https:\/\/maricatotal.com.br\/site\/wp-json\/wp\/v2\/posts\/35446\/revisions"}],"predecessor-version":[{"id":35448,"href":"https:\/\/maricatotal.com.br\/site\/wp-json\/wp\/v2\/posts\/35446\/revisions\/35448"}],"wp:featuredmedia":[{"embeddable":true,"href":"https:\/\/maricatotal.com.br\/site\/wp-json\/wp\/v2\/media\/35447"}],"wp:attachment":[{"href":"https:\/\/maricatotal.com.br\/site\/wp-json\/wp\/v2\/media?parent=35446"}],"wp:term":[{"taxonomy":"category","embeddable":true,"href":"https:\/\/maricatotal.com.br\/site\/wp-json\/wp\/v2\/categories?post=35446"},{"taxonomy":"post_tag","embeddable":true,"href":"https:\/\/maricatotal.com.br\/site\/wp-json\/wp\/v2\/tags?post=35446"}],"curies":[{"name":"wp","href":"https:\/\/api.w.org\/{rel}","templated":true}]}}