{"id":35512,"date":"2022-03-24T15:44:30","date_gmt":"2022-03-24T18:44:30","guid":{"rendered":"https:\/\/maricatotal.com.br\/site\/?p=35512"},"modified":"2022-03-29T00:55:21","modified_gmt":"2022-03-29T03:55:21","slug":"marica-circuito-ecologico-homenageia-a-hora-do-planeta","status":"publish","type":"post","link":"https:\/\/maricatotal.com.br\/site\/2022\/03\/24\/marica-circuito-ecologico-homenageia-a-hora-do-planeta\/","title":{"rendered":"Maric\u00e1: Circuito Ecol\u00f3gico homenageia a Hora do Planeta"},"content":{"rendered":"\n<p>A Prefeitura de Maric\u00e1 retoma, neste s\u00e1bado (26\/03), o Circuito Ecol\u00f3gico, com a travessia Espraiado \u2013 Tomascar, que ser\u00e1 simb\u00f3lica, homenageando a Hora do Planeta \u2014 mobiliza\u00e7\u00e3o mundial da rede WWE para conscientizar a popula\u00e7\u00e3o sobre os desafios socioambientais da atualidade. O projeto da Secretaria de Cidade Sustent\u00e1vel apoia a iniciativa, promovendo trilhas que valorizam a biodiversidade presente na cidade, al\u00e9m de refor\u00e7ar a import\u00e2ncia de proteger e preservar o meio ambiente.<\/p>\n\n\n\n<p>A travessia ter\u00e1 in\u00edcio \u00e0s 8h, partindo da sede das Unidades de Conserva\u00e7\u00e3o de Maric\u00e1 (Rua Thomaz Cola\u00e7o, s\/n\u00ba, pr\u00f3ximo \u00e0 Cachoeira), no bairro Espraiado, e marca o retorno do projeto em 2022, ap\u00f3s um per\u00edodo de pausa por conta da Covid-19. O percurso seguir\u00e1 pelo Vale de S\u00e3o Francisco por 20km, at\u00e9 chegada \u00e0 localidade do Tomascar, no munic\u00edpio de Tangu\u00e1, com paradas para banho de cachoeira, almo\u00e7o e descanso. O retorno ser\u00e1 \u00e0s 17h, para aprecia\u00e7\u00e3o do p\u00f4r do sol no Mirante do Plat\u00f4.<\/p>\n\n\n\n<p>Os interessados em participar da trilha devem se inscrever, a partir das 13h desta quinta-feira (24), pela plataforma Google Forms, no link https:\/\/forms.gle\/4Pgy8iEC4Z7izE8m6. Vale destacar que a caminhada \u00e9 considerada pesada, com subidas \u00edngremes, levando cerca de doze horas para conclus\u00e3o do percurso, incluindo ida, volta e paradas.<\/p>\n\n\n\n<p><strong>Trajes recomendados para a trilha<br><\/strong><br>Os moradores que participar\u00e3o da travessia devem usar cal\u00e7ado com travas, bon\u00e9 e vestir roupa confort\u00e1vel. Al\u00e9m disso, \u00e9 obrigat\u00f3rio o uso de lanterna de cabe\u00e7a, porque a trilha adentra o per\u00edodo noturno. Cada participante deve levar \u00e1gua, lanche, repelente, protetor solar, roupa de banho, muda de roupa extra, saco para lixo e rem\u00e9dios de uso pessoal.<\/p>\n\n\n\n<p>Em caso de d\u00favidas, os trilheiros podem comparecer \u00e0 sede das Unidades de Conserva\u00e7\u00e3o de Maric\u00e1 (Rua Thomaz Cola\u00e7o, s\/n\u00ba \u2013 Espraiado) ou ligar para o n\u00famero&nbsp;<a href=\"tel:(21) 97107-8991\">(21) 97107-8991<\/a>.<\/p>\n\n\n\n<p><strong>Movimento global<\/strong><\/p>\n\n\n\n<p>A Hora do Planeta, a\u00e7\u00e3o realizada pela rede WWF, \u00e9 o maior e mais tradicional movimento global pela defesa da natureza e do nosso planeta. Em 2022, a data ser\u00e1 comemorada no dia 26 de mar\u00e7o. Lan\u00e7ada em Sydney, uma das maiores cidades da Austr\u00e1lia, em 2007, a Hora do Planeta cresceu e hoje inspira indiv\u00edduos, comunidades, empresas e organiza\u00e7\u00f5es em mais de 180 pa\u00edses e territ\u00f3rios.<\/p>\n","protected":false},"excerpt":{"rendered":"<p>A Prefeitura de Maric\u00e1 retoma, neste s\u00e1bado (26\/03), o Circuito Ecol\u00f3gico, com a travessia Espraiado \u2013 Tomascar, que ser\u00e1 simb\u00f3lica,<\/p>\n","protected":false},"author":1,"featured_media":35513,"comment_status":"open","ping_status":"open","sticky":false,"template":"","format":"standard","meta":{"colormag_page_container_layout":"default_layout","colormag_page_sidebar_layout":"default_layout","footnotes":""},"categories":[18],"tags":[],"class_list":["post-35512","post","type-post","status-publish","format-standard","has-post-thumbnail","hentry","category-entretenimento"],"amp_enabled":true,"_links":{"self":[{"href":"https:\/\/maricatotal.com.br\/site\/wp-json\/wp\/v2\/posts\/35512","targetHints":{"allow":["GET"]}}],"collection":[{"href":"https:\/\/maricatotal.com.br\/site\/wp-json\/wp\/v2\/posts"}],"about":[{"href":"https:\/\/maricatotal.com.br\/site\/wp-json\/wp\/v2\/types\/post"}],"author":[{"embeddable":true,"href":"https:\/\/maricatotal.com.br\/site\/wp-json\/wp\/v2\/users\/1"}],"replies":[{"embeddable":true,"href":"https:\/\/maricatotal.com.br\/site\/wp-json\/wp\/v2\/comments?post=35512"}],"version-history":[{"count":1,"href":"https:\/\/maricatotal.com.br\/site\/wp-json\/wp\/v2\/posts\/35512\/revisions"}],"predecessor-version":[{"id":35514,"href":"https:\/\/maricatotal.com.br\/site\/wp-json\/wp\/v2\/posts\/35512\/revisions\/35514"}],"wp:featuredmedia":[{"embeddable":true,"href":"https:\/\/maricatotal.com.br\/site\/wp-json\/wp\/v2\/media\/35513"}],"wp:attachment":[{"href":"https:\/\/maricatotal.com.br\/site\/wp-json\/wp\/v2\/media?parent=35512"}],"wp:term":[{"taxonomy":"category","embeddable":true,"href":"https:\/\/maricatotal.com.br\/site\/wp-json\/wp\/v2\/categories?post=35512"},{"taxonomy":"post_tag","embeddable":true,"href":"https:\/\/maricatotal.com.br\/site\/wp-json\/wp\/v2\/tags?post=35512"}],"curies":[{"name":"wp","href":"https:\/\/api.w.org\/{rel}","templated":true}]}}