{"id":35649,"date":"2022-03-29T07:23:34","date_gmt":"2022-03-29T10:23:34","guid":{"rendered":"https:\/\/maricatotal.com.br\/site\/?p=35649"},"modified":"2022-03-29T07:23:40","modified_gmt":"2022-03-29T10:23:40","slug":"defesa-civil-de-marica-alerta-para-pancadas-de-chuva","status":"publish","type":"post","link":"https:\/\/maricatotal.com.br\/site\/2022\/03\/29\/defesa-civil-de-marica-alerta-para-pancadas-de-chuva\/","title":{"rendered":"Defesa Civil de Maric\u00e1 alerta para pancadas de chuva"},"content":{"rendered":"\n<p>A Secretaria Municipal de Prote\u00e7\u00e3o e Defesa Civil de Maric\u00e1 emitiu um alerta nesta segunda-feira (28\/03) sobre a possibilidade de chuva e\/ou pancadas de chuva de fraca \u00e0 moderada, para as pr\u00f3ximas 24 horas.<\/p>\n\n\n\n<p>Os ventos estar\u00e3o com intensidade de fraca e moderada. O munic\u00edpio segue em est\u00e1gio de vigil\u00e2ncia, com c\u00e9u nublado e temperaturas m\u00ednima de 23\u00b0C e m\u00e1xima de 29\u00b0C. A umidade relativa do ar varia entre 70% e 95%. O tempo fica inst\u00e1vel em Maric\u00e1, devido ao padr\u00e3o de circula\u00e7\u00e3o dos ventos nos n\u00edveis m\u00e9dio e alto da atmosfera e ao transporte de umidade do oceano para o continente.<\/p>\n\n\n\n<p>As equipes da Defesa Civil permanecem de prontid\u00e3o 24 horas no centro operacional e podem ser acionadas pelos telefones 199,&nbsp;<a href=\"tel:2637-1999\">2637-1999<\/a>&nbsp;ou pelo WhatsApp&nbsp;<a href=\"tel:(21) 97000-5782\">(21) 97000-5782<\/a>.<\/p>\n","protected":false},"excerpt":{"rendered":"<p>A Secretaria Municipal de Prote\u00e7\u00e3o e Defesa Civil de Maric\u00e1 emitiu um alerta nesta segunda-feira (28\/03) sobre a possibilidade de<\/p>\n","protected":false},"author":1,"featured_media":35651,"comment_status":"open","ping_status":"open","sticky":false,"template":"","format":"standard","meta":{"colormag_page_container_layout":"default_layout","colormag_page_sidebar_layout":"default_layout","footnotes":""},"categories":[14],"tags":[],"class_list":["post-35649","post","type-post","status-publish","format-standard","has-post-thumbnail","hentry","category-bairros"],"amp_enabled":true,"_links":{"self":[{"href":"https:\/\/maricatotal.com.br\/site\/wp-json\/wp\/v2\/posts\/35649","targetHints":{"allow":["GET"]}}],"collection":[{"href":"https:\/\/maricatotal.com.br\/site\/wp-json\/wp\/v2\/posts"}],"about":[{"href":"https:\/\/maricatotal.com.br\/site\/wp-json\/wp\/v2\/types\/post"}],"author":[{"embeddable":true,"href":"https:\/\/maricatotal.com.br\/site\/wp-json\/wp\/v2\/users\/1"}],"replies":[{"embeddable":true,"href":"https:\/\/maricatotal.com.br\/site\/wp-json\/wp\/v2\/comments?post=35649"}],"version-history":[{"count":1,"href":"https:\/\/maricatotal.com.br\/site\/wp-json\/wp\/v2\/posts\/35649\/revisions"}],"predecessor-version":[{"id":35652,"href":"https:\/\/maricatotal.com.br\/site\/wp-json\/wp\/v2\/posts\/35649\/revisions\/35652"}],"wp:featuredmedia":[{"embeddable":true,"href":"https:\/\/maricatotal.com.br\/site\/wp-json\/wp\/v2\/media\/35651"}],"wp:attachment":[{"href":"https:\/\/maricatotal.com.br\/site\/wp-json\/wp\/v2\/media?parent=35649"}],"wp:term":[{"taxonomy":"category","embeddable":true,"href":"https:\/\/maricatotal.com.br\/site\/wp-json\/wp\/v2\/categories?post=35649"},{"taxonomy":"post_tag","embeddable":true,"href":"https:\/\/maricatotal.com.br\/site\/wp-json\/wp\/v2\/tags?post=35649"}],"curies":[{"name":"wp","href":"https:\/\/api.w.org\/{rel}","templated":true}]}}